{"id":34091,"date":"2021-09-28T08:06:39","date_gmt":"2021-09-28T11:06:39","guid":{"rendered":"http:\/\/www.centraldenoticias.com.ar\/?p=34091"},"modified":"2021-09-28T08:06:39","modified_gmt":"2021-09-28T11:06:39","slug":"el-equipo-republicano-se-adjudico-el-acto-de-vandalismo-en-los-panuelos-de-madres-y-abuelas","status":"publish","type":"post","link":"https:\/\/cdnoticias.com\/index.php\/2021\/09\/28\/el-equipo-republicano-se-adjudico-el-acto-de-vandalismo-en-los-panuelos-de-madres-y-abuelas\/","title":{"rendered":"El \u201cEquipo Republicano\u201d se adjudic\u00f3 el acto de vandalismo en los pa\u00f1uelos de Madres y Abuelas"},"content":{"rendered":"<p>Publicaron en sus redes sociales las pintadas no s\u00f3lo de la Facultad de Salud, sino que mostraron c\u00f3mo dejaron los pa\u00f1uelos de la plaza central con leyendas acusatorias.\u00a0<!--more--><\/p>\n<hr \/>\n<p>Tras<a href=\"https:\/\/cdnoticias.com\/index.php\/2021\/09\/27\/comision-por-la-memoria-nos-invade-un-profundo-sentimiento-de-tristeza-y-preocupacion\/\" target=\"_blank\" rel=\"noopener\"> conocer los repudiables actos vand\u00e1licos en distintos puntos de la ciudad pero con \u00e9nfasis en la lamentable intervenci\u00f3n de los pa\u00f1uelos de Abuelas y Madres de Plaza de Mayo ubicados en la plaza central<\/a>,<strong>\u00a0desde la agrupaci\u00f3n \u201cEquipo Republicano\u201d se adjudicaron las pintadas con leyendas acusatorias.<\/strong><\/p>\n<p>&nbsp;<\/p>\n<p>En sus<a href=\"https:\/\/www.instagram.com\/equiporepublicanoolav\/\" target=\"_blank\" rel=\"noopener\"> cuentas de redes sociales mostraron todas las pintadas<\/a> con la descripci\u00f3n <em>\u201cel equipo de Republicanos Olavarr\u00eda sali\u00f3 a manifestarse\u201d<\/em>. Destacaron que <em>\u201chubo mucho acompa\u00f1amiento de parte de la gente\u201d<\/em> y finalizaron indicando <em>\u201cchau se van\u201d<\/em> en referencia al Frente de Todos, coalici\u00f3n que actualmente gestiona el Estado provincial y nacional.<\/p>\n<p>&nbsp;<\/p>\n<blockquote><p>Lo repudiable es que en las mismas im\u00e1genes muestran los pa\u00f1uelos de Abuelas y Madres intervenidos por su agrupaci\u00f3n, en la que se destacan leyendas tales como \u201cchorras\u201d, \u201cfarsa\u201d, \u201clacras\u201d, entre otros lamentables conceptos.<\/p><\/blockquote>\n<p>&nbsp;<\/p>\n<p>Si bien en <strong>otra de sus publicaciones convocan a actividades organizadas por Juntos (la visita de Larreta y Santilli, en la que tambi\u00e9n particip\u00f3 el jefe comunal Ezequiel Galli, el propio Intendente repudi\u00f3 y lament\u00f3 esta intervenci\u00f3n p\u00fablicamente.<\/strong><\/p>\n<p>&nbsp;<\/p>\n<p><img data-recalc-dims=\"1\" loading=\"lazy\" decoding=\"async\" class=\"alignnone size-full wp-image-34092\" src=\"https:\/\/i0.wp.com\/cdnoticias.com\/wp-content\/uploads\/2021\/09\/WhatsApp-Image-2021-09-27-at-21.07.47.jpeg?resize=720%2C707&#038;ssl=1\" alt=\"\" width=\"720\" height=\"707\" srcset=\"https:\/\/i0.wp.com\/cdnoticias.com\/wp-content\/uploads\/2021\/09\/WhatsApp-Image-2021-09-27-at-21.07.47.jpeg?w=720&amp;ssl=1 720w, https:\/\/i0.wp.com\/cdnoticias.com\/wp-content\/uploads\/2021\/09\/WhatsApp-Image-2021-09-27-at-21.07.47.jpeg?resize=300%2C295&amp;ssl=1 300w\" sizes=\"auto, (max-width: 720px) 100vw, 720px\" \/><\/p>\n<p>&nbsp;<\/p>\n<p>Esta agrupaci\u00f3n ha realizado protestas por la \u201clibertad\u201d,<strong> se manifestaron abiertamente como un sector antivacunas aunque han realizado manifestaciones denunciando la falta de ellas, se mostraron como \u201cdefensores\u201d de la Justicia, y formaron parte de una protesta en el puente \u201cLucio Florinda\u201d en la jornada que estuvo en Olavarr\u00eda el presidente Alberto Fern\u00e1ndez junto al gobernador Kicillof y varios funcionarios de primera l\u00ednea.<\/strong><\/p>\n","protected":false},"excerpt":{"rendered":"<p>Publicaron en sus redes sociales las pintadas no s\u00f3lo de la Facultad de Salud, sino que mostraron c\u00f3mo dejaron los<\/p>\n","protected":false},"author":2,"featured_media":34081,"comment_status":"closed","ping_status":"closed","sticky":false,"template":"","format":"standard","meta":{"_jetpack_memberships_contains_paid_content":false,"footnotes":""},"categories":[5,1],"tags":[],"class_list":["post-34091","post","type-post","status-publish","format-standard","has-post-thumbnail","hentry","category-informacion-general","category-portada"],"jetpack_featured_media_url":"https:\/\/i0.wp.com\/cdnoticias.com\/wp-content\/uploads\/2021\/09\/WhatsApp-Image-2021-09-27-at-16.24.35-1.jpeg?fit=1599%2C900&ssl=1","jetpack_sharing_enabled":true,"_links":{"self":[{"href":"https:\/\/cdnoticias.com\/index.php\/wp-json\/wp\/v2\/posts\/34091","targetHints":{"allow":["GET"]}}],"collection":[{"href":"https:\/\/cdnoticias.com\/index.php\/wp-json\/wp\/v2\/posts"}],"about":[{"href":"https:\/\/cdnoticias.com\/index.php\/wp-json\/wp\/v2\/types\/post"}],"author":[{"embeddable":true,"href":"https:\/\/cdnoticias.com\/index.php\/wp-json\/wp\/v2\/users\/2"}],"replies":[{"embeddable":true,"href":"https:\/\/cdnoticias.com\/index.php\/wp-json\/wp\/v2\/comments?post=34091"}],"version-history":[{"count":0,"href":"https:\/\/cdnoticias.com\/index.php\/wp-json\/wp\/v2\/posts\/34091\/revisions"}],"wp:featuredmedia":[{"embeddable":true,"href":"https:\/\/cdnoticias.com\/index.php\/wp-json\/wp\/v2\/media\/34081"}],"wp:attachment":[{"href":"https:\/\/cdnoticias.com\/index.php\/wp-json\/wp\/v2\/media?parent=34091"}],"wp:term":[{"taxonomy":"category","embeddable":true,"href":"https:\/\/cdnoticias.com\/index.php\/wp-json\/wp\/v2\/categories?post=34091"},{"taxonomy":"post_tag","embeddable":true,"href":"https:\/\/cdnoticias.com\/index.php\/wp-json\/wp\/v2\/tags?post=34091"}],"curies":[{"name":"wp","href":"https:\/\/api.w.org\/{rel}","templated":true}]}}