{"id":34085,"date":"2021-09-28T08:01:12","date_gmt":"2021-09-28T11:01:12","guid":{"rendered":"http:\/\/www.centraldenoticias.com.ar\/?p=34085"},"modified":"2021-09-28T08:48:50","modified_gmt":"2021-09-28T11:48:50","slug":"labraron-varias-infracciones-al-codigo-rural-a-partir-de-un-allanamiento-por-el-robo-de-vacunos","status":"publish","type":"post","link":"https:\/\/cdnoticias.com\/index.php\/2021\/09\/28\/labraron-varias-infracciones-al-codigo-rural-a-partir-de-un-allanamiento-por-el-robo-de-vacunos\/","title":{"rendered":"Labraron varias infracciones al \u201cC\u00f3digo Rural\u201d a  partir de un allanamiento por el robo de vacunos"},"content":{"rendered":"<p>Las tareas fueron lideradas desde la SubDDI local, a pedido de la ayudant\u00eda fiscal en abigeatos y delitos conexos.<!--more--><\/p>\n<hr \/>\n<p>En la jornada de este lunes un establecimiento rural local fue objetivo de un allanamiento que fue llevado adelante desde la SubDDI local, con la colaboraci\u00f3n de agentes del CPR. De acuerdo con lo que se precis\u00f3,<strong> hasta all\u00ed condujeron las averiguaciones de un robo de ganado que se registr\u00f3 a inicios del presente a\u00f1o.<\/strong><\/p>\n<p>&nbsp;<\/p>\n<p>Se narr\u00f3 que <a href=\"https:\/\/cdnoticias.com\/index.php\/2021\/02\/06\/avanzan-las-investigaciones-por-el-robo-de-39-vacunos\/\" target=\"_blank\" rel=\"noopener\">el hecho se registr\u00f3 en febrero<\/a> y las averiguaciones son lideradas desde la ayudant\u00eda fiscal en abigeatos y delitos conexos, que tiene como coordinador al doctor Juan Ma\u00f1ero y fiscal titular al doctor Lucas Moyano. <strong>En ese marco se logr\u00f3 el aval del juez de Garant\u00edas Carlos Villamar\u00edn para la puesta en marcha de un procedimiento, que se hizo efectivo en horas de la ma\u00f1ana.<\/strong><\/p>\n<p>&nbsp;<\/p>\n<p>Se agreg\u00f3 que, \u201csi bien no se pudo lograr el cometido principal\u201d, \u201cs\u00ed <strong>se constataron varias irregularidades sobre las marcas de los vacunos\u201d, lo que dio lugar a diversas actas de infracci\u00f3n al denominado C\u00f3digo Rural, la Ley 10081\/83<\/strong>. \u201cSobre la causa origen se continua con la investigaci\u00f3n\u201d, se finaliz\u00f3.<\/p>\n","protected":false},"excerpt":{"rendered":"<p>Las tareas fueron lideradas desde la SubDDI local, a pedido de la ayudant\u00eda fiscal en abigeatos y delitos conexos.<\/p>\n","protected":false},"author":3,"featured_media":34086,"comment_status":"closed","ping_status":"closed","sticky":false,"template":"","format":"standard","meta":{"_jetpack_memberships_contains_paid_content":false,"footnotes":""},"categories":[14,1],"tags":[],"class_list":["post-34085","post","type-post","status-publish","format-standard","has-post-thumbnail","hentry","category-policiales","category-portada"],"jetpack_featured_media_url":"https:\/\/i0.wp.com\/cdnoticias.com\/wp-content\/uploads\/2021\/09\/WhatsApp-Image-2021-09-27-at-20.57.30.jpeg?fit=1600%2C737&ssl=1","jetpack_sharing_enabled":true,"_links":{"self":[{"href":"https:\/\/cdnoticias.com\/index.php\/wp-json\/wp\/v2\/posts\/34085","targetHints":{"allow":["GET"]}}],"collection":[{"href":"https:\/\/cdnoticias.com\/index.php\/wp-json\/wp\/v2\/posts"}],"about":[{"href":"https:\/\/cdnoticias.com\/index.php\/wp-json\/wp\/v2\/types\/post"}],"author":[{"embeddable":true,"href":"https:\/\/cdnoticias.com\/index.php\/wp-json\/wp\/v2\/users\/3"}],"replies":[{"embeddable":true,"href":"https:\/\/cdnoticias.com\/index.php\/wp-json\/wp\/v2\/comments?post=34085"}],"version-history":[{"count":0,"href":"https:\/\/cdnoticias.com\/index.php\/wp-json\/wp\/v2\/posts\/34085\/revisions"}],"wp:featuredmedia":[{"embeddable":true,"href":"https:\/\/cdnoticias.com\/index.php\/wp-json\/wp\/v2\/media\/34086"}],"wp:attachment":[{"href":"https:\/\/cdnoticias.com\/index.php\/wp-json\/wp\/v2\/media?parent=34085"}],"wp:term":[{"taxonomy":"category","embeddable":true,"href":"https:\/\/cdnoticias.com\/index.php\/wp-json\/wp\/v2\/categories?post=34085"},{"taxonomy":"post_tag","embeddable":true,"href":"https:\/\/cdnoticias.com\/index.php\/wp-json\/wp\/v2\/tags?post=34085"}],"curies":[{"name":"wp","href":"https:\/\/api.w.org\/{rel}","templated":true}]}}