{"id":34035,"date":"2021-09-27T15:22:54","date_gmt":"2021-09-27T18:22:54","guid":{"rendered":"http:\/\/www.centraldenoticias.com.ar\/?p=34035"},"modified":"2021-09-27T18:22:55","modified_gmt":"2021-09-27T21:22:55","slug":"repudian-actos-de-vandalismo-y-convocan-a-repintar-los-panuelos-de-las-madres-y-abuelas","status":"publish","type":"post","link":"https:\/\/cdnoticias.com\/index.php\/2021\/09\/27\/repudian-actos-de-vandalismo-y-convocan-a-repintar-los-panuelos-de-las-madres-y-abuelas\/","title":{"rendered":"Repudian actos de vandalismo y convocan a repintar los pa\u00f1uelos de las Madres y Abuelas"},"content":{"rendered":"<p>El Movimiento Evita invit\u00f3 a repintar los simb\u00f3licos pa\u00f1uelos que se encuentran sobre las baldosas de la Plaza Central y que d\u00edas atr\u00e1s fueron pintados con aerosol.<!--more--><\/p>\n<hr \/>\n<p>Bajo la consigna <strong><em>\u201cla memoria es indispensable para no repetir la historia\u201d<\/em><\/strong>, el Movimiento Evita repudi\u00f3 los actos de vandalismo cometidos sobre los simb\u00f3licos pa\u00f1uelos de las Madres y Abuelas de Plaza de Mayo que se encuentran pintados sobre las baldosas de la Plaza Central.<\/p>\n<p>&nbsp;<\/p>\n<p>A trav\u00e9s de un comunicado, la agrupaci\u00f3n resalt\u00f3 que <em>\u201c<strong>la memoria es parte de nuestra lucha y de nuestra respuesta<\/strong>; la memoria nos encuentra en las manos de nuestras Madres y Abuelas que desde hace m\u00e1s de cuarenta a\u00f1os han forjado un camino de lucha enmarcado en la b\u00fasqueda incansable de Verdad y Justicia\u201d.<\/em><\/p>\n<p>&nbsp;<\/p>\n<p>De esta forma invitaron a las organizaciones y a la comunidad en general a volver a pintar los pa\u00f1uelos<strong> este martes a las 15<\/strong>,<em> \u201cporque siempre ante los avances de la derecha hemos respondido con organizaci\u00f3n, militancia y amor\u201d.<\/em><\/p>\n<p>&nbsp;<\/p>\n<p><img data-recalc-dims=\"1\" loading=\"lazy\" decoding=\"async\" class=\"alignnone size-full wp-image-34037\" src=\"https:\/\/i0.wp.com\/cdnoticias.com\/wp-content\/uploads\/2021\/09\/WhatsApp-Image-2021-09-27-at-14.39.32-1.jpeg?resize=800%2C599&#038;ssl=1\" alt=\"\" width=\"800\" height=\"599\" \/><\/p>\n<p>&nbsp;<\/p>\n<p><em>\u201cSi hay algo que repetimos incansablemente es que el amor es nuestro motor en la construcci\u00f3n de una sociedad justa para todes; <strong>el amor es la forma que encontramos frente al odio y a la violencia<\/strong> de quienes a lo largo de nuestra historia se han encargado de querer invisibilizarnos, callarrnos, desmotivarnos. Nunca lo lograron y no lo har\u00e1n\u201d<\/em>, agregaron.<\/p>\n<p>&nbsp;<\/p>\n<p>Adem\u00e1s, recordaron que <em>\u201c<strong>en el a\u00f1o 2014, en el marco de la Semana de la Memoria, decidimos pintar los pa\u00f1uelos en la Plaza Central de nuestra ciudad<\/strong>, convencides de que los s\u00edmbolos son parte de nuestra identidad, de las luchas y conquistas de nuestro pueblo. Desde ese entonces y hasta el d\u00eda de hoy sostenemos esa acci\u00f3n para encontrarnos, hacer memoria, reflexionar y, ante todo, defender nuestra democracia\u201d.<\/em><\/p>\n<p>&nbsp;<\/p>\n<p>Por \u00faltimo, se\u00f1alaron que <em>\u201cestos hechos no hacen m\u00e1s que acentuar los discursos de odio que nada han conseguido construir\u201d.<\/em><\/p>\n","protected":false},"excerpt":{"rendered":"<p>El Movimiento Evita invit\u00f3 a repintar los simb\u00f3licos pa\u00f1uelos que se encuentran sobre las baldosas de la Plaza Central y<\/p>\n","protected":false},"author":5,"featured_media":34038,"comment_status":"closed","ping_status":"closed","sticky":false,"template":"","format":"standard","meta":{"_jetpack_memberships_contains_paid_content":false,"footnotes":""},"categories":[5,1],"tags":[],"class_list":["post-34035","post","type-post","status-publish","format-standard","has-post-thumbnail","hentry","category-informacion-general","category-portada"],"jetpack_featured_media_url":"https:\/\/i0.wp.com\/cdnoticias.com\/wp-content\/uploads\/2021\/09\/WhatsApp-Image-2021-09-27-at-14.39.32.jpeg?fit=1080%2C635&ssl=1","jetpack_sharing_enabled":true,"_links":{"self":[{"href":"https:\/\/cdnoticias.com\/index.php\/wp-json\/wp\/v2\/posts\/34035","targetHints":{"allow":["GET"]}}],"collection":[{"href":"https:\/\/cdnoticias.com\/index.php\/wp-json\/wp\/v2\/posts"}],"about":[{"href":"https:\/\/cdnoticias.com\/index.php\/wp-json\/wp\/v2\/types\/post"}],"author":[{"embeddable":true,"href":"https:\/\/cdnoticias.com\/index.php\/wp-json\/wp\/v2\/users\/5"}],"replies":[{"embeddable":true,"href":"https:\/\/cdnoticias.com\/index.php\/wp-json\/wp\/v2\/comments?post=34035"}],"version-history":[{"count":0,"href":"https:\/\/cdnoticias.com\/index.php\/wp-json\/wp\/v2\/posts\/34035\/revisions"}],"wp:featuredmedia":[{"embeddable":true,"href":"https:\/\/cdnoticias.com\/index.php\/wp-json\/wp\/v2\/media\/34038"}],"wp:attachment":[{"href":"https:\/\/cdnoticias.com\/index.php\/wp-json\/wp\/v2\/media?parent=34035"}],"wp:term":[{"taxonomy":"category","embeddable":true,"href":"https:\/\/cdnoticias.com\/index.php\/wp-json\/wp\/v2\/categories?post=34035"},{"taxonomy":"post_tag","embeddable":true,"href":"https:\/\/cdnoticias.com\/index.php\/wp-json\/wp\/v2\/tags?post=34035"}],"curies":[{"name":"wp","href":"https:\/\/api.w.org\/{rel}","templated":true}]}}