{"id":34011,"date":"2021-09-27T11:04:19","date_gmt":"2021-09-27T14:04:19","guid":{"rendered":"http:\/\/www.centraldenoticias.com.ar\/?p=34011"},"modified":"2022-03-29T09:46:43","modified_gmt":"2022-03-29T12:46:43","slug":"el-intendente-recorrio-el-avance-de-las-obras-del-jardin-n-930","status":"publish","type":"post","link":"https:\/\/cdnoticias.com\/index.php\/2021\/09\/27\/el-intendente-recorrio-el-avance-de-las-obras-del-jardin-n-930\/","title":{"rendered":"El Intendente recorri\u00f3 el avance de las obras del Jard\u00edn N\u00b0 930"},"content":{"rendered":"<p>Fue en la ma\u00f1ana de este lunes. Se indic\u00f3 un \u201cimportante grado de avance\u201d de los trabajos.\u00a0<!--more--><\/p>\n<hr \/>\n<p>En la ma\u00f1ana de este lunes, <strong>el intendente Ezequiel Galli recorri\u00f3 la obra del Jard\u00edn N\u00b0 930 \u2013del Barrio Acupo II\u2013 que presenta<em> \u201cun importante grado de avance\u201d<\/em> para<em> \u201cmejorar las condiciones de infraestructura y garantizar la educaci\u00f3n desde el nivel inicial\u201d.<\/em><\/strong><\/p>\n<p>&nbsp;<\/p>\n<p>Galli estuvo acompa\u00f1ado por el secretario de Mantenimiento y Obras P\u00fablicas Julio Ferraro y el presidente del HCD Bruno Cenizo.<\/p>\n<p>&nbsp;<\/p>\n<p>Actualmente se realizan <strong>trabajos de pintura de aulas, carpinter\u00edas, pisos y revestimientos en sanitarios.<\/strong> Seg\u00fan se indic\u00f3 desde la Secretar\u00eda de Mantenimiento y Obras P\u00fablicas<em> \u201crestan trabajos adicionales en preceptor\u00eda y biblioteca\u201d.<\/em><\/p>\n<p>&nbsp;<\/p>\n<p>Cabe recordar que<strong> las tareas en el Jard\u00edn N\u00b0 930 <a href=\"https:\/\/cdnoticias.com\/index.php\/2021\/01\/15\/con-19-mas-de-fondos-comenzo-la-ampliacion-del-jardin-no-930\/\" target=\"_blank\" rel=\"noopener\">se reiniciaron en el mes de enero del corriente a\u00f1o<\/a><\/strong>, teniendo en cuenta que se vio paralizada durante el 2020, en el marco del contexto de emergencia sanitaria y econ\u00f3mica.<\/p>\n<p>&nbsp;<\/p>\n<p><em>\u201cEstamos muy contentos porque es una obra en la que estamos trabajando desde hace mucho tiempo y hay una comunidad educativa que finalmente va a poder disfrutar del espacio en las condiciones de infraestructura que merecen\u201d<\/em>, manifest\u00f3 el Intendente.<\/p>\n","protected":false},"excerpt":{"rendered":"<p>Fue en la ma\u00f1ana de este lunes. Se indic\u00f3 un \u201cimportante grado de avance\u201d de los trabajos.\u00a0<\/p>\n","protected":false},"author":2,"featured_media":34012,"comment_status":"closed","ping_status":"closed","sticky":false,"template":"","format":"standard","meta":{"_jetpack_memberships_contains_paid_content":false,"footnotes":""},"categories":[5,1],"tags":[],"class_list":["post-34011","post","type-post","status-publish","format-standard","has-post-thumbnail","hentry","category-informacion-general","category-portada"],"jetpack_featured_media_url":"https:\/\/i0.wp.com\/cdnoticias.com\/wp-content\/uploads\/2021\/09\/Obras-Jardin-930-1.jpg?fit=640%2C427&ssl=1","jetpack_sharing_enabled":true,"_links":{"self":[{"href":"https:\/\/cdnoticias.com\/index.php\/wp-json\/wp\/v2\/posts\/34011","targetHints":{"allow":["GET"]}}],"collection":[{"href":"https:\/\/cdnoticias.com\/index.php\/wp-json\/wp\/v2\/posts"}],"about":[{"href":"https:\/\/cdnoticias.com\/index.php\/wp-json\/wp\/v2\/types\/post"}],"author":[{"embeddable":true,"href":"https:\/\/cdnoticias.com\/index.php\/wp-json\/wp\/v2\/users\/2"}],"replies":[{"embeddable":true,"href":"https:\/\/cdnoticias.com\/index.php\/wp-json\/wp\/v2\/comments?post=34011"}],"version-history":[{"count":0,"href":"https:\/\/cdnoticias.com\/index.php\/wp-json\/wp\/v2\/posts\/34011\/revisions"}],"wp:featuredmedia":[{"embeddable":true,"href":"https:\/\/cdnoticias.com\/index.php\/wp-json\/wp\/v2\/media\/34012"}],"wp:attachment":[{"href":"https:\/\/cdnoticias.com\/index.php\/wp-json\/wp\/v2\/media?parent=34011"}],"wp:term":[{"taxonomy":"category","embeddable":true,"href":"https:\/\/cdnoticias.com\/index.php\/wp-json\/wp\/v2\/categories?post=34011"},{"taxonomy":"post_tag","embeddable":true,"href":"https:\/\/cdnoticias.com\/index.php\/wp-json\/wp\/v2\/tags?post=34011"}],"curies":[{"name":"wp","href":"https:\/\/api.w.org\/{rel}","templated":true}]}}