{"id":33946,"date":"2021-09-26T11:22:22","date_gmt":"2021-09-26T14:22:22","guid":{"rendered":"http:\/\/www.centraldenoticias.com.ar\/?p=33946"},"modified":"2021-09-26T11:22:22","modified_gmt":"2021-09-26T14:22:22","slug":"manzur-analizo-con-dominguez-una-salida-al-cepo-a-la-exportacion-de-carnes","status":"publish","type":"post","link":"https:\/\/cdnoticias.com\/index.php\/2021\/09\/26\/manzur-analizo-con-dominguez-una-salida-al-cepo-a-la-exportacion-de-carnes\/","title":{"rendered":"Manzur analiz\u00f3 con Dom\u00ednguez una salida al cepo a la exportaci\u00f3n de carnes"},"content":{"rendered":"<p>En el gobierno dicen que &#8220;hay vocaci\u00f3n de destrabar el conflicto&#8221;. El martes, reuni\u00f3n clave del nuevo ministro de Agricultura con la Mesa de Enlace.<!--more--><\/p>\n<hr \/>\n<p><strong>El ministro de Agricultura, Ganader\u00eda y Pesca, Juli\u00e1n Dom\u00ednguez, se reuni\u00f3 en Casa de Gobierno con el flamante jefe de Gabinete, Juan Manzur<\/strong> para hablar sobre las exportaciones de carne, previo al e<strong>ncuentro que mantendr\u00e1 el martes con los titulares de las entidades que integran la Mesa de Enlace<\/strong>, y que se espera gire en torno a ese tema.<\/p>\n<p>&nbsp;<\/p>\n<blockquote><p>\u201cJunto al jefe de Gabinete @JuanManzurOK analizamos la importancia del sector rural, de las y los productores ganaderos y de los frigor\u00edficos. Creemos en el cuidado de este sector estrat\u00e9gico para el pa\u00eds y para todos los argentinos y las argentinas\u201d, tuite\u00f3 Dom\u00ednguez.<\/p><\/blockquote>\n<p>&nbsp;<\/p>\n<p>El flamante titular de la cartera agropecuaria, quien <a href=\"https:\/\/cdnoticias.com\/index.php\/2021\/09\/18\/el-presidente-anuncio-nuevos-ministros-manzur-jefe-de-gabinete-y-anibal-fernandez-a-seguridad\/\" target=\"_blank\" rel=\"noopener\">asumi\u00f3 el lunes el cargo<\/a> en reemplazo de Luis Basterra, mantendr\u00e1 la pr\u00f3xima semana su primer encuentro presencial con los principales <strong>representantes de la Sociedad Rural (SRA), Federaci\u00f3n Agraria (FAA), Confederaciones Rurales (CRA) y Coninagro.<\/strong><\/p>\n<p>&nbsp;<\/p>\n<p>De manera previa, antes de la asunci\u00f3n y luego del cambio en el ministerio, existieron contactos telef\u00f3nicos y reuniones con t\u00e9cnicos de las entidades, en especial por las limitaciones existentes para la exportaci\u00f3n de carne vacuna. Las entidades colocan a esta cuesti\u00f3n al frente de sus reclamos y <strong>pretenden que el Gobierno levante de manera anticipada las restricciones existentes<\/strong>, que inicialmente fueron extendidas hasta el 31 de octubre.<\/p>\n<p>&nbsp;<\/p>\n<blockquote><p>\u201cHay vocaci\u00f3n para destrabar el conflicto\u201d, indicaron fuentes oficiales, quienes deslizaron incluso la posibilidad de que la semana que viene se puedan llegar a anunciar nuevos lineamientos y medidas para el sector.<\/p><\/blockquote>\n<p>&nbsp;<\/p>\n<p>Por el lado de las entidades ruralistas, <strong>el presidente de la Sociedad Rural Argentina, Nicol\u00e1s Pino,<\/strong> dijo hoy en declaraciones a radio Continental, que hubo \u201cbuenas reuniones t\u00e9cnicas con el Gobierno\u201d, tras lo cual enfatiz\u00f3 que \u201chay que tomar una decisi\u00f3n con el cepo a la exportaci\u00f3n de carne, porque ya los tiempos se estiraron demasiado\u201d.<\/p>\n<p>&nbsp;<\/p>\n<p>En la misma l\u00ednea, <strong>su par de de FAA, Carlos Achetoni<\/strong>, -en di\u00e1logo con T\u00e9lam- dijo que el objetivo principal es que \u201cse normalice la exportaci\u00f3n con una apertura total\u201d. Achetoni sostuvo que la agenda de temas a tratar tambi\u00e9n debe incluir \u201cel pedido de que se saque la reglamentaci\u00f3n del Banco Central, que no permite que se les otorgue cr\u00e9ditos a los productores que retengan m\u00e1s del 5% de la cosecha\u201d, entre otras cuestiones.<\/p>\n<p>&nbsp;<\/p>\n<p>En los encuentros previos entre los t\u00e9cnicos de Agricultura y de la Mesa de Enlace y la industria frigor\u00edfica se analizaron opciones para cumplir los deseos del Gobierno y de la cadena de la carne: por un lado, <strong>mantener los precios aquietados<\/strong>, como desde julio, tras la implantaci\u00f3n del cepo, y por otro, <strong>volver a liberalizar todas las exportaciones<\/strong>, despu\u00e9s de que se permitieran ya varias de ellas. A\u00fan siguen limitados los env\u00edos a China, que irrumpi\u00f3 desde 2019 como uno de los principales compradores en el mundo. Una alternativa en estudio consiste en levantar en forma total el cepo, pero <strong>establecer un mecanismo de monitoreo permanente de faena y precios en Agricultura<\/strong> -que ya tiene las herramientas de control necesarias- para evaluar con cierta periodicidad si se encarecen los cortes en el mercado interno y si entonces deben frenarse otra vez exportaciones de ciertos productos a determinados mercados.<\/p>\n<p>&nbsp;<\/p>\n<blockquote><p>Un cese de comercializaci\u00f3n podr\u00eda provocar una suba de precios, como la que impuls\u00f3 apenas comenz\u00f3 el cepo en junio. Por eso, en el Gobierno analizan que pactar con el campo puede que no le reporte m\u00e1s votos, pero una profundizaci\u00f3n del conflicto s\u00ed puede quitarle m\u00e1s sufragios de la poblaci\u00f3n que cada vez come menos carne bovina, alimento emblem\u00e1tico del pa\u00eds.<\/p><\/blockquote>\n<p>&nbsp;<\/p>\n<p>A su vez, en el Ejecutivo consideran que <strong>no pueden arriesgarse a calmar al campo abriendo la exportaci\u00f3n y que eso encarezca los cortes de ac\u00e1 a las elecciones<\/strong> legislativas del 14 de noviembre. Por eso analizan abrir la canilla de los env\u00edos al exterior, pero con la mano puesta sobre ella para cerrarla apenas adviertan subas de precios.<\/p>\n<p>&nbsp;<\/p>\n<p><strong>Presi\u00f3n de los gobernadores<\/strong><\/p>\n<p>&nbsp;<\/p>\n<p>Antes de la reuni\u00f3n del martes, la agenda de <strong>Dom\u00ednguez tiene previsto un encuentro el lunes con los ministros provinciales del \u00e1rea<\/strong>, en el marco de un encuentro del Consejo Federal.<\/p>\n<p>&nbsp;<\/p>\n<p>En las \u00faltimas jornadas, al reclamo de los ruralistas y las entidades alistadas en el Consejo Agroindustrial Argentino por el levantamiento de las restricciones a las exportaciones de carne vacuna, se sumaron tambi\u00e9n <strong>gobernadores de distintas provincias productoras<\/strong>.<\/p>\n<p>&nbsp;<\/p>\n<p>El viernes, a trav\u00e9s de un comunicado difundido por la gobernaci\u00f3n de Entre R\u00edos, el mandatario provincial, <strong>Gustavo Bordet<\/strong>, junto con sus pares de Santa Fe, <strong>Omar Perotti<\/strong>, y de La Pampa, <strong>Sergio Zillioto<\/strong>, aseguraron que gestionan ante la Naci\u00f3n la apertura total de las mismas.<\/p>\n<p>&nbsp;<\/p>\n<p>\u201cTenemos que aumentar los niveles de productividad. Por lo cual <strong>estamos pidiendo que se resuelva el tema de las exportaciones de carne en Argentina porque impacta en nuestras provincias<\/strong>\u201d, indic\u00f3 Bordet. En este sentido, detall\u00f3 que en Entre R\u00edos hay frigor\u00edficos exportadores y \u201cnos preocupa la mano de obra que all\u00ed trabaja\u201d.<\/p>\n<p>&nbsp;<\/p>\n<p>\u201cEn esa preocupaci\u00f3n estamos pidiendo al ministro (de Agricultura, Ganader\u00eda y Pesca) Juli\u00e1n Dom\u00ednguez, que sabemos que comparte esta preocupaci\u00f3n, que podamos resolver este conflicto para <strong>defender la fuente de empleo de los obreros de los frigor\u00edficos<\/strong> como es el caso de Alberdi en Oro Verde y el San Jos\u00e9 de San Jos\u00e9\u201d, concluy\u00f3 Bordet.<\/p>\n<p>&nbsp;<\/p>\n<p>Fuente: <em>Agencia DIB<\/em><\/p>\n","protected":false},"excerpt":{"rendered":"<p>En el gobierno dicen que &#8220;hay vocaci\u00f3n de destrabar el conflicto&#8221;. El martes, reuni\u00f3n clave del nuevo ministro de Agricultura<\/p>\n","protected":false},"author":4,"featured_media":33947,"comment_status":"closed","ping_status":"closed","sticky":false,"template":"","format":"standard","meta":{"_jetpack_memberships_contains_paid_content":false,"footnotes":""},"categories":[6],"tags":[],"class_list":["post-33946","post","type-post","status-publish","format-standard","has-post-thumbnail","hentry","category-nacionales"],"jetpack_featured_media_url":"https:\/\/i0.wp.com\/cdnoticias.com\/wp-content\/uploads\/2021\/09\/dib-Julian-dominguez-juan-Manzur.jpg?fit=1200%2C675&ssl=1","jetpack_sharing_enabled":true,"_links":{"self":[{"href":"https:\/\/cdnoticias.com\/index.php\/wp-json\/wp\/v2\/posts\/33946","targetHints":{"allow":["GET"]}}],"collection":[{"href":"https:\/\/cdnoticias.com\/index.php\/wp-json\/wp\/v2\/posts"}],"about":[{"href":"https:\/\/cdnoticias.com\/index.php\/wp-json\/wp\/v2\/types\/post"}],"author":[{"embeddable":true,"href":"https:\/\/cdnoticias.com\/index.php\/wp-json\/wp\/v2\/users\/4"}],"replies":[{"embeddable":true,"href":"https:\/\/cdnoticias.com\/index.php\/wp-json\/wp\/v2\/comments?post=33946"}],"version-history":[{"count":0,"href":"https:\/\/cdnoticias.com\/index.php\/wp-json\/wp\/v2\/posts\/33946\/revisions"}],"wp:featuredmedia":[{"embeddable":true,"href":"https:\/\/cdnoticias.com\/index.php\/wp-json\/wp\/v2\/media\/33947"}],"wp:attachment":[{"href":"https:\/\/cdnoticias.com\/index.php\/wp-json\/wp\/v2\/media?parent=33946"}],"wp:term":[{"taxonomy":"category","embeddable":true,"href":"https:\/\/cdnoticias.com\/index.php\/wp-json\/wp\/v2\/categories?post=33946"},{"taxonomy":"post_tag","embeddable":true,"href":"https:\/\/cdnoticias.com\/index.php\/wp-json\/wp\/v2\/tags?post=33946"}],"curies":[{"name":"wp","href":"https:\/\/api.w.org\/{rel}","templated":true}]}}