{"id":33941,"date":"2021-09-26T09:52:18","date_gmt":"2021-09-26T12:52:18","guid":{"rendered":"http:\/\/www.centraldenoticias.com.ar\/?p=33941"},"modified":"2021-09-26T13:12:40","modified_gmt":"2021-09-26T16:12:40","slug":"campana-de-vacunacion-este-sabado-se-vacunaron-366-personas","status":"publish","type":"post","link":"https:\/\/cdnoticias.com\/index.php\/2021\/09\/26\/campana-de-vacunacion-este-sabado-se-vacunaron-366-personas\/","title":{"rendered":"Campa\u00f1a de vacunaci\u00f3n: este s\u00e1bado se vacunaron 366 personas"},"content":{"rendered":"<p>Son casi 84 mil los olavarrienses vacunados contra el Covid. Este domingo, las aplicaciones de primeras dosis se realizar\u00e1n \u00fanicamente en el Centro Cultural Universitario de 9 a 13.<!--more--><\/p>\n<hr \/>\n<p><strong>En la jornada del s\u00e1bado se aplicaron 366 vacunas contra el Covid-19<\/strong>, distribuidas de la siguiente manera: en la Facultad de Ciencias de la Salud se vacunaron 96 vecinos y vecinas, de las cuales 70 corresponden a primer componente y 26 a segundas dosis, en el Servicio Territorial N\u00b02 se vacunaron 122 personas, 32 con primeras dosis y 90 completaron esquemas con segundo componente; y en Centro Cultural Universitario se aplicaron 148 vacunas correspondientes a segundas dosis.<\/p>\n<p>&nbsp;<\/p>\n<p>Con los nuevos datos, <strong>son 83.991 los olavarrienses vacunados en total<\/strong> y de ellos, 69.872 tienen ya las dos dosis: 83,18%.<\/p>\n<p>&nbsp;<\/p>\n<blockquote><p>La Regi\u00f3n sanitaria IX inform\u00f3 que este domingo, las aplicaciones de primeras dosis se realizar\u00e1n \u00fanicamente en el Centro Cultural Universitario, en el horario de 9 a 13. La disposici\u00f3n tendr\u00e1 vigencia solamente por esta jornada.<\/p><\/blockquote>\n<p>&nbsp;<\/p>\n<p>Adem\u00e1s, contin\u00faa la <strong>inscripci\u00f3n a menores de 12 a 17 a\u00f1os<\/strong> a trav\u00e9s del sitio web www.vacunatepba.gba.gob.ar para obtener el turno correspondiente y recibir la primera dosis, priorizando a quienes pertenecen a grupos de riesgo.<\/p>\n<p>&nbsp;<\/p>\n<p>Con respecto a <strong>segundas dosis hay aplicaci\u00f3n libre para los mayores de 50 a\u00f1os<\/strong> en cuanto hayan cumplido con los tiempos de la vacuna, y para personas gestantes, trabajadores de salud, y personas inmunodeprimidas.<\/p>\n<p>&nbsp;<\/p>\n<p>El resto de la poblaci\u00f3n para recibir el segundo componente debe respetar el turno, por lo que se le pide a los vecinos y vecinas que est\u00e9n atentos a las notificaciones que se env\u00edan desde el Ministerio de Salud provincial.<\/p>\n<p>&nbsp;<\/p>\n<p>Cualquier duda o consulta, podr\u00e1n acercarse a cualquiera de las tres postas: Servicio Territorial N\u00b02, Av. Alberdi 2543, de 8 a 18 hs; Facultad de Ciencias de la Salud, Merlo entre Av. Pringles y 9 de julio, de 8 a 18 hs, y en el Centro Cultural Universitario, San Martin 1955, de 8 a 18 hs.<\/p>\n","protected":false},"excerpt":{"rendered":"<p>Son casi 84 mil los olavarrienses vacunados contra el Covid. Este domingo, las aplicaciones de primeras dosis se realizar\u00e1n \u00fanicamente<\/p>\n","protected":false},"author":4,"featured_media":33776,"comment_status":"closed","ping_status":"closed","sticky":false,"template":"","format":"standard","meta":{"_jetpack_memberships_contains_paid_content":false,"footnotes":""},"categories":[16,1],"tags":[],"class_list":["post-33941","post","type-post","status-publish","format-standard","has-post-thumbnail","hentry","category-covid-19","category-portada"],"jetpack_featured_media_url":"https:\/\/i0.wp.com\/cdnoticias.com\/wp-content\/uploads\/2021\/09\/vacunacion-covid-03.jpg?fit=1280%2C712&ssl=1","jetpack_sharing_enabled":true,"_links":{"self":[{"href":"https:\/\/cdnoticias.com\/index.php\/wp-json\/wp\/v2\/posts\/33941","targetHints":{"allow":["GET"]}}],"collection":[{"href":"https:\/\/cdnoticias.com\/index.php\/wp-json\/wp\/v2\/posts"}],"about":[{"href":"https:\/\/cdnoticias.com\/index.php\/wp-json\/wp\/v2\/types\/post"}],"author":[{"embeddable":true,"href":"https:\/\/cdnoticias.com\/index.php\/wp-json\/wp\/v2\/users\/4"}],"replies":[{"embeddable":true,"href":"https:\/\/cdnoticias.com\/index.php\/wp-json\/wp\/v2\/comments?post=33941"}],"version-history":[{"count":0,"href":"https:\/\/cdnoticias.com\/index.php\/wp-json\/wp\/v2\/posts\/33941\/revisions"}],"wp:featuredmedia":[{"embeddable":true,"href":"https:\/\/cdnoticias.com\/index.php\/wp-json\/wp\/v2\/media\/33776"}],"wp:attachment":[{"href":"https:\/\/cdnoticias.com\/index.php\/wp-json\/wp\/v2\/media?parent=33941"}],"wp:term":[{"taxonomy":"category","embeddable":true,"href":"https:\/\/cdnoticias.com\/index.php\/wp-json\/wp\/v2\/categories?post=33941"},{"taxonomy":"post_tag","embeddable":true,"href":"https:\/\/cdnoticias.com\/index.php\/wp-json\/wp\/v2\/tags?post=33941"}],"curies":[{"name":"wp","href":"https:\/\/api.w.org\/{rel}","templated":true}]}}