{"id":33914,"date":"2021-09-25T16:32:07","date_gmt":"2021-09-25T19:32:07","guid":{"rendered":"http:\/\/www.centraldenoticias.com.ar\/?p=33914"},"modified":"2021-09-25T16:32:07","modified_gmt":"2021-09-25T19:32:07","slug":"german-caputo-encabezo-el-acto-de-finalizacion-de-residencias","status":"publish","type":"post","link":"https:\/\/cdnoticias.com\/index.php\/2021\/09\/25\/german-caputo-encabezo-el-acto-de-finalizacion-de-residencias\/","title":{"rendered":"Germ\u00e1n Caputo encabez\u00f3 el acto de finalizaci\u00f3n de Residencias"},"content":{"rendered":"<p>El Secretario de Salud Municipal tom\u00f3 parte del acto que se desarroll\u00f3 en el Centro de Convenciones de Olavarr\u00eda.<!--more--><\/p>\n<hr \/>\n<p><strong>El Secretario de Salud del Gobierno Municipal, Germ\u00e1n Caputo, particip\u00f3 del acto de finalizaci\u00f3n de residencias que se llev\u00f3 a cabo en el Centro de Convenciones de Olavarr\u00eda<\/strong>. Estuvo acompa\u00f1ado por la Directora del Hospital Municipal \u201cDr. H\u00e9ctor Cura\u201d, Silvina Guanuco, la Jefa del Comit\u00e9 de Docencia, la doctora Florencia Marengo, y autoridades de la Facultad de Ciencias de la Salud y de la provincia de Buenos Aires.<\/p>\n<p>&nbsp;<\/p>\n<p><img data-recalc-dims=\"1\" loading=\"lazy\" decoding=\"async\" class=\"alignnone size-large wp-image-33916\" src=\"https:\/\/i0.wp.com\/cdnoticias.com\/wp-content\/uploads\/2021\/09\/residencias1.jpg?resize=800%2C688&#038;ssl=1\" alt=\"\" width=\"800\" height=\"688\" srcset=\"https:\/\/i0.wp.com\/cdnoticias.com\/wp-content\/uploads\/2021\/09\/residencias1.jpg?w=1024&amp;ssl=1 1024w, https:\/\/i0.wp.com\/cdnoticias.com\/wp-content\/uploads\/2021\/09\/residencias1.jpg?resize=300%2C258&amp;ssl=1 300w, https:\/\/i0.wp.com\/cdnoticias.com\/wp-content\/uploads\/2021\/09\/residencias1.jpg?resize=768%2C661&amp;ssl=1 768w\" sizes=\"auto, (max-width: 800px) 100vw, 800px\" \/><\/p>\n<p>&nbsp;<\/p>\n<p><strong>\u201cEs un honor para el Hospital y le da mucho prestigio tener Residencia. En medicina se aprende todos los d\u00edas y los j\u00f3venes m\u00e9dicos nos exigen estar actualizados permanentemente\u201d,<\/strong> dijo Caputo.<\/p>\n<p>&nbsp;<\/p>\n<p><em><strong>Las residencias que finalizaron fueron las siguientes:<\/strong><\/em><\/p>\n<p>&nbsp;<\/p>\n<p><strong>Diagn\u00f3stico por im\u00e1genes<\/strong>: Aynara Pucheu , Stephany Gasteneguy<\/p>\n<p>&nbsp;<\/p>\n<p><strong>Tocoginecolog\u00eda<\/strong>: Constanza Lastape<\/p>\n<p>&nbsp;<\/p>\n<p><strong>Medicina General<\/strong>: Gianina Guidobono, Jaqueline P\u00e9rez, Micaela Dambrosio, Stefania Occhi<\/p>\n<p>&nbsp;<\/p>\n<p><strong>Cl\u00ednica M\u00e9dica<\/strong>: Yamila Mollo, Florencia Fortunato, Micaela Corso<\/p>\n<p>&nbsp;<\/p>\n<p><strong>Cirug\u00eda General<\/strong>: Tom\u00e1s Fern\u00e1ndez<\/p>\n<p>&nbsp;<\/p>\n<p><strong>Ortopedia y Traumatolog\u00eda<\/strong>: Mat\u00edas Gorostidi<\/p>\n<p>&nbsp;<\/p>\n<p><strong>Pediatr\u00eda:<\/strong> Jesica Menon, Mar\u00eda Luisa Rossi<\/p>\n<p>&nbsp;<\/p>\n<p><strong>Terapia Intensiva:<\/strong> Luc\u00eda Pagano<\/p>\n","protected":false},"excerpt":{"rendered":"<p>El Secretario de Salud Municipal tom\u00f3 parte del acto que se desarroll\u00f3 en el Centro de Convenciones de Olavarr\u00eda.<\/p>\n","protected":false},"author":3,"featured_media":33915,"comment_status":"closed","ping_status":"closed","sticky":false,"template":"","format":"standard","meta":{"_jetpack_memberships_contains_paid_content":false,"footnotes":""},"categories":[5],"tags":[],"class_list":["post-33914","post","type-post","status-publish","format-standard","has-post-thumbnail","hentry","category-informacion-general"],"jetpack_featured_media_url":"https:\/\/i0.wp.com\/cdnoticias.com\/wp-content\/uploads\/2021\/09\/residencias.jpg?fit=371%2C276&ssl=1","jetpack_sharing_enabled":true,"_links":{"self":[{"href":"https:\/\/cdnoticias.com\/index.php\/wp-json\/wp\/v2\/posts\/33914","targetHints":{"allow":["GET"]}}],"collection":[{"href":"https:\/\/cdnoticias.com\/index.php\/wp-json\/wp\/v2\/posts"}],"about":[{"href":"https:\/\/cdnoticias.com\/index.php\/wp-json\/wp\/v2\/types\/post"}],"author":[{"embeddable":true,"href":"https:\/\/cdnoticias.com\/index.php\/wp-json\/wp\/v2\/users\/3"}],"replies":[{"embeddable":true,"href":"https:\/\/cdnoticias.com\/index.php\/wp-json\/wp\/v2\/comments?post=33914"}],"version-history":[{"count":0,"href":"https:\/\/cdnoticias.com\/index.php\/wp-json\/wp\/v2\/posts\/33914\/revisions"}],"wp:featuredmedia":[{"embeddable":true,"href":"https:\/\/cdnoticias.com\/index.php\/wp-json\/wp\/v2\/media\/33915"}],"wp:attachment":[{"href":"https:\/\/cdnoticias.com\/index.php\/wp-json\/wp\/v2\/media?parent=33914"}],"wp:term":[{"taxonomy":"category","embeddable":true,"href":"https:\/\/cdnoticias.com\/index.php\/wp-json\/wp\/v2\/categories?post=33914"},{"taxonomy":"post_tag","embeddable":true,"href":"https:\/\/cdnoticias.com\/index.php\/wp-json\/wp\/v2\/tags?post=33914"}],"curies":[{"name":"wp","href":"https:\/\/api.w.org\/{rel}","templated":true}]}}