{"id":33911,"date":"2021-09-25T15:33:43","date_gmt":"2021-09-25T18:33:43","guid":{"rendered":"http:\/\/www.centraldenoticias.com.ar\/?p=33911"},"modified":"2021-09-25T15:33:43","modified_gmt":"2021-09-25T18:33:43","slug":"un-hombre-de-32-anos-fue-detenido-por-abuso-sexual","status":"publish","type":"post","link":"https:\/\/cdnoticias.com\/index.php\/2021\/09\/25\/un-hombre-de-32-anos-fue-detenido-por-abuso-sexual\/","title":{"rendered":"Un hombre de 32 a\u00f1os fue detenido por \u201cabuso sexual\u201d"},"content":{"rendered":"<p>La captura fue concretada en las \u00faltimas horas desde las SubDDI local, a pedido de la fiscal Mar\u00eda Paula Serrano y el doctor Jos\u00e9 Iturralde.<!--more--><\/p>\n<hr \/>\n<p>En las \u00faltimas horas personal de la SubDDI local llev\u00f3 adelante la <strong>detenci\u00f3n de un hombre de 32 a\u00f1os, a quien se le sigue una causa por abuso sexual<\/strong>, de acuerdo con lo que se detall\u00f3 por v\u00edas oficiales.<\/p>\n<p>&nbsp;<\/p>\n<p>En ese detalle se dio cuenta que se trata de un \u201cprofesional\u201d y que<strong> la medida hab\u00eda sido requerida desde la ayudant\u00eda fiscal local en delitos contra la integridad sexual, que tiene como coordinador al doctor Jos\u00e9 Iturralde y fiscal titular a la doctora Mar\u00eda Paula Serran<\/strong>o. Todo con el aval del juez de Garant\u00edas Carlos Villamar\u00edn.<\/p>\n<p>&nbsp;<\/p>\n<p>Por \u00faltimo, se precis\u00f3 que<strong> la causa se inici\u00f3 a partir de una denuncia en la Comisaria De la Mujer y la Familia<\/strong> y que en ese marco ya se han puesto en marcha diversas medidas probatorias y pericias que se erigieron como fundamentos para la detenci\u00f3n que se llev\u00f3 a cabo en las \u00faltimas horas.<\/p>\n","protected":false},"excerpt":{"rendered":"<p>La captura fue concretada en las \u00faltimas horas desde las SubDDI local, a pedido de la fiscal Mar\u00eda Paula Serrano<\/p>\n","protected":false},"author":3,"featured_media":33912,"comment_status":"closed","ping_status":"closed","sticky":false,"template":"","format":"standard","meta":{"_jetpack_memberships_contains_paid_content":false,"footnotes":""},"categories":[14,1],"tags":[],"class_list":["post-33911","post","type-post","status-publish","format-standard","has-post-thumbnail","hentry","category-policiales","category-portada"],"jetpack_featured_media_url":"https:\/\/i0.wp.com\/cdnoticias.com\/wp-content\/uploads\/2021\/09\/abuso-ddi.jpg?fit=800%2C445&ssl=1","jetpack_sharing_enabled":true,"_links":{"self":[{"href":"https:\/\/cdnoticias.com\/index.php\/wp-json\/wp\/v2\/posts\/33911","targetHints":{"allow":["GET"]}}],"collection":[{"href":"https:\/\/cdnoticias.com\/index.php\/wp-json\/wp\/v2\/posts"}],"about":[{"href":"https:\/\/cdnoticias.com\/index.php\/wp-json\/wp\/v2\/types\/post"}],"author":[{"embeddable":true,"href":"https:\/\/cdnoticias.com\/index.php\/wp-json\/wp\/v2\/users\/3"}],"replies":[{"embeddable":true,"href":"https:\/\/cdnoticias.com\/index.php\/wp-json\/wp\/v2\/comments?post=33911"}],"version-history":[{"count":0,"href":"https:\/\/cdnoticias.com\/index.php\/wp-json\/wp\/v2\/posts\/33911\/revisions"}],"wp:featuredmedia":[{"embeddable":true,"href":"https:\/\/cdnoticias.com\/index.php\/wp-json\/wp\/v2\/media\/33912"}],"wp:attachment":[{"href":"https:\/\/cdnoticias.com\/index.php\/wp-json\/wp\/v2\/media?parent=33911"}],"wp:term":[{"taxonomy":"category","embeddable":true,"href":"https:\/\/cdnoticias.com\/index.php\/wp-json\/wp\/v2\/categories?post=33911"},{"taxonomy":"post_tag","embeddable":true,"href":"https:\/\/cdnoticias.com\/index.php\/wp-json\/wp\/v2\/tags?post=33911"}],"curies":[{"name":"wp","href":"https:\/\/api.w.org\/{rel}","templated":true}]}}