{"id":33867,"date":"2021-09-24T20:57:00","date_gmt":"2021-09-24T23:57:00","guid":{"rendered":"http:\/\/www.centraldenoticias.com.ar\/?p=33867"},"modified":"2021-09-24T20:58:33","modified_gmt":"2021-09-24T23:58:33","slug":"ezequiel-galli-se-reunio-con-alejandro-cellilo","status":"publish","type":"post","link":"https:\/\/cdnoticias.com\/index.php\/2021\/09\/24\/ezequiel-galli-se-reunio-con-alejandro-cellilo\/","title":{"rendered":"Ezequiel Galli se reuni\u00f3 con Alejandro Cellillo"},"content":{"rendered":"<p>El encuentro se llev\u00f3 a cabo en nuestra ciudad y fue informado por el intendente municipal a trav\u00e9s de sus redes sociales.<!--more--><\/p>\n<hr \/>\n<p>En la jornada de este viernes el intendente municipal <strong>Ezequiel Galli recibi\u00f3 en su despacho a Alejandro Celillo, el primer candidato a senador por Juntos de cara a las pr\u00f3ximas elecciones legislativas del 14 de noviembre.<\/strong><\/p>\n<p>&nbsp;<\/p>\n<blockquote class=\"twitter-tweet\" data-width=\"550\" data-dnt=\"true\">\n<p lang=\"es\" dir=\"ltr\">Recib\u00ed al Senador provincial <a href=\"https:\/\/twitter.com\/alecellillo?ref_src=twsrc%5Etfw\">@alecellillo<\/a>, quien es nuestro primer candidato por la 7ma. secci\u00f3n para representarnos en el Senado. <br \/>Conversamos sobre la realidad pol\u00edtica de nuestros distritos y el desaf\u00edo que tenemos por delante para sostener las tres bancas. <a href=\"https:\/\/twitter.com\/hashtag\/Juntos?src=hash&amp;ref_src=twsrc%5Etfw\">#Juntos<\/a> <a href=\"https:\/\/t.co\/fWYRRfBqJa\">pic.twitter.com\/fWYRRfBqJa<\/a><\/p>\n<p>&mdash; Ezequiel Galli (@ezequielgalli) <a href=\"https:\/\/twitter.com\/ezequielgalli\/status\/1441522719258939400?ref_src=twsrc%5Etfw\">September 24, 2021<\/a><\/p><\/blockquote>\n<p><script async src=\"https:\/\/platform.twitter.com\/widgets.js\" charset=\"utf-8\"><\/script><\/p>\n<p>&nbsp;<\/p>\n<p>La reuni\u00f3n se traduce en otra muestra de unidad del espacio que tiene como m\u00e1ximos referentes en la Provincia a Diego Santilli y Facundo Manes. <strong>\u201cRecib\u00ed al senador provincial Alejandro Cellillo, quien es nuestro primer candidato por la 7ma. secci\u00f3n para representarnos en el Senado\u201d, enfatiz\u00f3 el jefe comunal olavarriense en sus redes sociales, donde dio a conocer la realizaci\u00f3n del encuentro.<\/strong><\/p>\n<p>&nbsp;<\/p>\n<p>\u201cConversamos sobre la realidad pol\u00edtica de nuestros distritos y el <strong>desaf\u00edo que tenemos por delante para sostener las tres bancas. #Juntos\u201d, finaliz\u00f3.<\/strong><\/p>\n<p>&nbsp;<\/p>\n<p>&nbsp;<\/p>\n","protected":false},"excerpt":{"rendered":"<p>El encuentro se llev\u00f3 a cabo en nuestra ciudad y fue informado por el intendente municipal a trav\u00e9s de sus<\/p>\n","protected":false},"author":3,"featured_media":33868,"comment_status":"closed","ping_status":"closed","sticky":false,"template":"","format":"standard","meta":{"_jetpack_memberships_contains_paid_content":false,"footnotes":""},"categories":[4,1],"tags":[],"class_list":["post-33867","post","type-post","status-publish","format-standard","has-post-thumbnail","hentry","category-politica","category-portada"],"jetpack_featured_media_url":"https:\/\/i0.wp.com\/cdnoticias.com\/wp-content\/uploads\/2021\/09\/FAFRQ2nWQAM3fsK-e1632527786135.jpg?fit=1139%2C702&ssl=1","jetpack_sharing_enabled":true,"_links":{"self":[{"href":"https:\/\/cdnoticias.com\/index.php\/wp-json\/wp\/v2\/posts\/33867","targetHints":{"allow":["GET"]}}],"collection":[{"href":"https:\/\/cdnoticias.com\/index.php\/wp-json\/wp\/v2\/posts"}],"about":[{"href":"https:\/\/cdnoticias.com\/index.php\/wp-json\/wp\/v2\/types\/post"}],"author":[{"embeddable":true,"href":"https:\/\/cdnoticias.com\/index.php\/wp-json\/wp\/v2\/users\/3"}],"replies":[{"embeddable":true,"href":"https:\/\/cdnoticias.com\/index.php\/wp-json\/wp\/v2\/comments?post=33867"}],"version-history":[{"count":0,"href":"https:\/\/cdnoticias.com\/index.php\/wp-json\/wp\/v2\/posts\/33867\/revisions"}],"wp:featuredmedia":[{"embeddable":true,"href":"https:\/\/cdnoticias.com\/index.php\/wp-json\/wp\/v2\/media\/33868"}],"wp:attachment":[{"href":"https:\/\/cdnoticias.com\/index.php\/wp-json\/wp\/v2\/media?parent=33867"}],"wp:term":[{"taxonomy":"category","embeddable":true,"href":"https:\/\/cdnoticias.com\/index.php\/wp-json\/wp\/v2\/categories?post=33867"},{"taxonomy":"post_tag","embeddable":true,"href":"https:\/\/cdnoticias.com\/index.php\/wp-json\/wp\/v2\/tags?post=33867"}],"curies":[{"name":"wp","href":"https:\/\/api.w.org\/{rel}","templated":true}]}}