{"id":33835,"date":"2021-09-25T09:16:51","date_gmt":"2021-09-25T12:16:51","guid":{"rendered":"http:\/\/www.centraldenoticias.com.ar\/?p=33835"},"modified":"2021-09-25T10:04:47","modified_gmt":"2021-09-25T13:04:47","slug":"agustin-echevarria-juro-como-nuevo-integrante-de-la-camara-de-apelaciones-de-azul","status":"publish","type":"post","link":"https:\/\/cdnoticias.com\/index.php\/2021\/09\/25\/agustin-echevarria-juro-como-nuevo-integrante-de-la-camara-de-apelaciones-de-azul\/","title":{"rendered":"Agust\u00edn Echevarr\u00eda jur\u00f3 como nuevo integrante de la C\u00e1mara de Apelaciones de Azul"},"content":{"rendered":"<p>Hasta la fecha era uno de los integrantes del Tribunal Oral en lo Criminal 1 de Tandil. Ahora ocupar\u00e1 el cargo que dej\u00f3 vacante a\u00f1os atr\u00e1s Eduardo Uhalde.<!--more--><\/p>\n<hr \/>\n<p>En la jornada de este viernes el doctor Agustina Echevarr\u00eda jur\u00f3 como nuevo integrante de la C\u00e1mara de Apelaciones y Garant\u00edas del Departamento Judicial de Azul, el <strong>m\u00e1ximo Tribunal de Alzada de la regi\u00f3n y que desde hace a\u00f1os no contaba con la conformaci\u00f3n completa.<\/strong><\/p>\n<p>&nbsp;<\/p>\n<blockquote><p>Luego de que semanas atr\u00e1s se publicara en el Bolet\u00edn Oficial del Gobierno provincial el decreto con su nombramiento firmado por Axel Kicillof, este viernes despu\u00e9s del mediod\u00eda se realiz\u00f3 en el Palacio de Justicia de Azul la ceremonia donde jur\u00f3 como nuevo integrante.<\/p><\/blockquote>\n<p>&nbsp;<\/p>\n<p>Durante la ceremonia, presenciada -entre otros- por familiares del ahora camarista penal y por funcionarios judiciales de los distintos fueros que forman parte del Departamento Judicial Azul, a Agust\u00edn Echevarr\u00eda<strong> le fue tomado el habitual juramento por Carlos Pagliere (h), actual presidente del Tribunal de Alzada que ahora integra y se completa en su formaci\u00f3n con el juez Dami\u00e1n Cini, quien tambi\u00e9n estuvo presente en el acto.<\/strong><\/p>\n<p>&nbsp;<\/p>\n<p>La sala de la C\u00e1mara Penal departamental con asiento en el tercer piso del Palacio de Justicia de Azul fue el recinto donde se desarroll\u00f3 la ceremonia, cuyo aforo a los asistentes estuvo reducido a causa de la emergencia sanitaria vigente por la pandemia de coronavirus. Otrora tambi\u00e9n fiscal,<strong> el juez Agust\u00edn Echevarr\u00eda llega a la C\u00e1mara Penal de Azul tras haber desempe\u00f1ado tareas -hasta el momento de su nombramiento en la Alzada- como integrante del Tribunal Oral en lo Criminal con asiento en Tandil.<\/strong><\/p>\n<p>&nbsp;<\/p>\n<p><strong>En la vecina ciudad serrana perteneciente al Departamento Judicial Azul ha venido desarrollando hasta el momento toda su trayectoria en el \u00e1mbito de la justicia ordinaria, luego de que en un principio tambi\u00e9n lo hiciera en la justicia federal en CABA<\/strong>. En junio pasado se hab\u00eda conocido su nombramiento en la C\u00e1mara Penal, tras haber sido seleccionado de una terna que -tras concursar para ese cargo por cuarta vez- tambi\u00e9n integraban el fiscal Cristian Citterio y la jueza de Ejecuci\u00f3n Penal Silvia Torres.<\/p>\n<p>&nbsp;<\/p>\n<p>En la Alzada departamental Agust\u00edn Echeverr\u00eda<strong> ocupa ahora el cargo que dejara vacante, luego de que a\u00f1os atr\u00e1s se jubilara, Eduardo Uhalde. Con su asunci\u00f3n en la C\u00e1mara Penal, luego de varios a\u00f1os ese tribunal vuelve a contar con tres integrantes.<\/strong><\/p>\n<p>&nbsp;<\/p>\n<p><em><a href=\"https:\/\/www.diarioeltiempo.com.ar\/nota-agustin-echevarria-juro-como-camarista-penal-173883\" target=\"_blank\" rel=\"noopener\">Fuente Diario El Tiempo de Azul<\/a> \/ Foto Nicol\u00e1s Murcia<\/em><\/p>\n","protected":false},"excerpt":{"rendered":"<p>Hasta la fecha era uno de los integrantes del Tribunal Oral en lo Criminal 1 de Tandil. Ahora ocupar\u00e1 el<\/p>\n","protected":false},"author":3,"featured_media":33836,"comment_status":"closed","ping_status":"closed","sticky":false,"template":"","format":"standard","meta":{"_jetpack_memberships_contains_paid_content":false,"footnotes":""},"categories":[6,1],"tags":[],"class_list":["post-33835","post","type-post","status-publish","format-standard","has-post-thumbnail","hentry","category-nacionales","category-portada"],"jetpack_featured_media_url":"https:\/\/i0.wp.com\/cdnoticias.com\/wp-content\/uploads\/2021\/09\/1632508681.jpeg?fit=948%2C533&ssl=1","jetpack_sharing_enabled":true,"_links":{"self":[{"href":"https:\/\/cdnoticias.com\/index.php\/wp-json\/wp\/v2\/posts\/33835","targetHints":{"allow":["GET"]}}],"collection":[{"href":"https:\/\/cdnoticias.com\/index.php\/wp-json\/wp\/v2\/posts"}],"about":[{"href":"https:\/\/cdnoticias.com\/index.php\/wp-json\/wp\/v2\/types\/post"}],"author":[{"embeddable":true,"href":"https:\/\/cdnoticias.com\/index.php\/wp-json\/wp\/v2\/users\/3"}],"replies":[{"embeddable":true,"href":"https:\/\/cdnoticias.com\/index.php\/wp-json\/wp\/v2\/comments?post=33835"}],"version-history":[{"count":0,"href":"https:\/\/cdnoticias.com\/index.php\/wp-json\/wp\/v2\/posts\/33835\/revisions"}],"wp:featuredmedia":[{"embeddable":true,"href":"https:\/\/cdnoticias.com\/index.php\/wp-json\/wp\/v2\/media\/33836"}],"wp:attachment":[{"href":"https:\/\/cdnoticias.com\/index.php\/wp-json\/wp\/v2\/media?parent=33835"}],"wp:term":[{"taxonomy":"category","embeddable":true,"href":"https:\/\/cdnoticias.com\/index.php\/wp-json\/wp\/v2\/categories?post=33835"},{"taxonomy":"post_tag","embeddable":true,"href":"https:\/\/cdnoticias.com\/index.php\/wp-json\/wp\/v2\/tags?post=33835"}],"curies":[{"name":"wp","href":"https:\/\/api.w.org\/{rel}","templated":true}]}}