{"id":33819,"date":"2021-09-24T14:49:01","date_gmt":"2021-09-24T17:49:01","guid":{"rendered":"http:\/\/www.centraldenoticias.com.ar\/?p=33819"},"modified":"2021-09-24T14:49:01","modified_gmt":"2021-09-24T17:49:01","slug":"el-70-de-los-vacunados-en-la-provincia-completo-el-esquema-con-la-segunda-dosis","status":"publish","type":"post","link":"https:\/\/cdnoticias.com\/index.php\/2021\/09\/24\/el-70-de-los-vacunados-en-la-provincia-completo-el-esquema-con-la-segunda-dosis\/","title":{"rendered":"El 70% de los vacunados en la provincia complet\u00f3 el esquema con la segunda dosis"},"content":{"rendered":"<div class=\"td_block_wrap tdb_single_subtitle tdi_72 td-pb-border-top td_block_template_1\" data-td-block-uid=\"tdi_72\">\n<div class=\"tdb-block-inner td-fix-index\">\n<p>As\u00ed lo destac\u00f3 Axel Kicillof. Son 8 millones los bonaerenses que fueron inoculados con las dos dosis.<\/p>\n<\/div>\n<\/div>\n<p><!--more--><\/p>\n<hr \/>\n<p>&nbsp;<\/p>\n<p>El <strong>70% de los vacunados en la provincia de Buenos Aires complet\u00f3 su esquema<\/strong>, seg\u00fan se desprende de la informaci\u00f3n oficial difundida en las \u00faltimas horas por el <strong>Gobierno bonaerense.<\/strong><\/p>\n<p>&nbsp;<\/p>\n<p>El gobernador, <strong>Axel Kicillof,<\/strong> anunci\u00f3 este <strong>viernes<\/strong> en su <strong>cuenta oficial de Twitter<\/strong> que<strong> ya se vacunaron 8 millones de personas con las dos dosis<\/strong> en<strong> territorio bonaerense<\/strong>, y se\u00f1al\u00f3 que \u201cgracias al <strong>inmenso esfuerzo del pueblo<\/strong> estamos <strong>dando vuelta la p\u00e1gina\u201d<\/strong>.\u00a0Ahora es tiempo de ponernos de pie, reconstruir la Provincia y <strong>recuperar la felicidad\u201d.<\/strong><\/p>\n<p>&nbsp;<\/p>\n<p>De acuerdo a la \u00faltima informaci\u00f3n difundida, <strong>11.324.739 personas iniciaron su esquema de vacunaci\u00f3n<\/strong> en la <strong>provincia de Buenos Aires<\/strong>, de los cuales casi<strong> 8 millones ya tienen su segunda dosis<\/strong>.<\/p>\n<p>&nbsp;<\/p>\n<p><em>Fuente: DIB <\/em><\/p>\n<div class=\"td_block_wrap tdb_single_date tdi_73 td-pb-border-top td_block_template_1 tdb-post-meta\" data-td-block-uid=\"tdi_73\"><\/div>\n","protected":false},"excerpt":{"rendered":"<p>As\u00ed lo destac\u00f3 Axel Kicillof. Son 8 millones los bonaerenses que fueron inoculados con las dos dosis.<\/p>\n","protected":false},"author":6,"featured_media":33820,"comment_status":"closed","ping_status":"closed","sticky":false,"template":"","format":"standard","meta":{"_jetpack_memberships_contains_paid_content":false,"footnotes":""},"categories":[5,1],"tags":[],"class_list":["post-33819","post","type-post","status-publish","format-standard","has-post-thumbnail","hentry","category-informacion-general","category-portada"],"jetpack_featured_media_url":"https:\/\/i0.wp.com\/cdnoticias.com\/wp-content\/uploads\/2021\/09\/WhatsApp-Image-2021-09-24-at-10.51.57-AM-1-1024x511.jpeg?fit=1024%2C511&ssl=1","jetpack_sharing_enabled":true,"_links":{"self":[{"href":"https:\/\/cdnoticias.com\/index.php\/wp-json\/wp\/v2\/posts\/33819","targetHints":{"allow":["GET"]}}],"collection":[{"href":"https:\/\/cdnoticias.com\/index.php\/wp-json\/wp\/v2\/posts"}],"about":[{"href":"https:\/\/cdnoticias.com\/index.php\/wp-json\/wp\/v2\/types\/post"}],"author":[{"embeddable":true,"href":"https:\/\/cdnoticias.com\/index.php\/wp-json\/wp\/v2\/users\/6"}],"replies":[{"embeddable":true,"href":"https:\/\/cdnoticias.com\/index.php\/wp-json\/wp\/v2\/comments?post=33819"}],"version-history":[{"count":0,"href":"https:\/\/cdnoticias.com\/index.php\/wp-json\/wp\/v2\/posts\/33819\/revisions"}],"wp:featuredmedia":[{"embeddable":true,"href":"https:\/\/cdnoticias.com\/index.php\/wp-json\/wp\/v2\/media\/33820"}],"wp:attachment":[{"href":"https:\/\/cdnoticias.com\/index.php\/wp-json\/wp\/v2\/media?parent=33819"}],"wp:term":[{"taxonomy":"category","embeddable":true,"href":"https:\/\/cdnoticias.com\/index.php\/wp-json\/wp\/v2\/categories?post=33819"},{"taxonomy":"post_tag","embeddable":true,"href":"https:\/\/cdnoticias.com\/index.php\/wp-json\/wp\/v2\/tags?post=33819"}],"curies":[{"name":"wp","href":"https:\/\/api.w.org\/{rel}","templated":true}]}}