{"id":33732,"date":"2021-09-25T09:32:03","date_gmt":"2021-09-25T12:32:03","guid":{"rendered":"http:\/\/www.centraldenoticias.com.ar\/?p=33732"},"modified":"2021-09-25T09:32:03","modified_gmt":"2021-09-25T12:32:03","slug":"entre-las-cuerdas-actuara-en-el-teatro-municipal","status":"publish","type":"post","link":"https:\/\/cdnoticias.com\/index.php\/2021\/09\/25\/entre-las-cuerdas-actuara-en-el-teatro-municipal\/","title":{"rendered":"\u201cEntre las cuerdas\u201d actuar\u00e1 en el Teatro Municipal"},"content":{"rendered":"<p>Ser\u00e1 el pr\u00f3ximo 8 de octubre a las 21:00. Ya se encuentran las entradas a la venta.\u00a0<!--more--><\/p>\n<hr \/>\n<p>&nbsp;<\/p>\n<p><strong>&#8220;Entre las cuerdas&#8221;<\/strong> se presentar\u00e1 el pr\u00f3ximo <strong>viernes 8 de octubre a las 21:00<\/strong> en el <strong>Teatro Municipal.<\/strong>\u00a0Un <strong>encuentro de amigos<\/strong> con la necesidad de expresar y compartir experiencias y<strong> estilos musicales<\/strong> diferentes.<\/p>\n<p>&nbsp;<\/p>\n<p>Eduardo<strong> Timpanaro,<\/strong> Erica<strong> Labelle<\/strong>, Ramiro Carreira <strong>Neto<\/strong>, Agust\u00edn <strong>Vales<\/strong> y Jos\u00e9 <strong>Larregle<\/strong> interpretaran obras para <strong>guitarra solista, d\u00faos, tr\u00edos, cuartetos y quinteto.<\/strong> Este evento cuenta con el <strong>auspicio<\/strong> de la <strong>Asociaci\u00f3n Filarm\u00f3nica de Olavarr\u00eda.<\/strong><\/p>\n<p>&nbsp;<\/p>\n<p>Las <strong>entradas<\/strong> tienen un valor general de <strong>$300<\/strong> y se podr\u00e1n <strong>adquirir en la boleter\u00eda del Teatro<\/strong>, de <strong>martes a viernes<\/strong> de <strong>08:00 a 12:00.<\/strong> La venta se realiza en <strong>efectivo.<\/strong><\/p>\n<p>&nbsp;<\/p>\n<div class=\"at-below-post addthis_tool\" data-url=\"https:\/\/www.olavarria.gov.ar\/entre-las-cuerdas-en-cartelera-teatral\/\" data-title=\"\u201cEntre las cuerdas\u201d en cartelera teatral | Municipalidad del Partido de Olavarr\u00eda\">\n<div id=\"atstbx\" class=\"at-share-tbx-element addthis-smartlayers addthis-animated at4-show\" role=\"region\" aria-labelledby=\"at-ca7e19af-e22e-4fc3-8822-0e8777cb535f\">\n<p>&nbsp;<\/p>\n<div class=\"at-share-btn-elements\"><\/div>\n<\/div>\n<\/div>\n","protected":false},"excerpt":{"rendered":"<p>Ser\u00e1 el pr\u00f3ximo 8 de octubre a las 21:00. Ya se encuentran las entradas a la venta.\u00a0<\/p>\n","protected":false},"author":6,"featured_media":33733,"comment_status":"closed","ping_status":"closed","sticky":false,"template":"","format":"standard","meta":{"_jetpack_memberships_contains_paid_content":false,"footnotes":""},"categories":[9,1],"tags":[],"class_list":["post-33732","post","type-post","status-publish","format-standard","has-post-thumbnail","hentry","category-cultura","category-portada"],"jetpack_featured_media_url":"https:\/\/i0.wp.com\/cdnoticias.com\/wp-content\/uploads\/2021\/09\/Eduardo-Timpanaro.jpg?fit=600%2C397&ssl=1","jetpack_sharing_enabled":true,"_links":{"self":[{"href":"https:\/\/cdnoticias.com\/index.php\/wp-json\/wp\/v2\/posts\/33732","targetHints":{"allow":["GET"]}}],"collection":[{"href":"https:\/\/cdnoticias.com\/index.php\/wp-json\/wp\/v2\/posts"}],"about":[{"href":"https:\/\/cdnoticias.com\/index.php\/wp-json\/wp\/v2\/types\/post"}],"author":[{"embeddable":true,"href":"https:\/\/cdnoticias.com\/index.php\/wp-json\/wp\/v2\/users\/6"}],"replies":[{"embeddable":true,"href":"https:\/\/cdnoticias.com\/index.php\/wp-json\/wp\/v2\/comments?post=33732"}],"version-history":[{"count":0,"href":"https:\/\/cdnoticias.com\/index.php\/wp-json\/wp\/v2\/posts\/33732\/revisions"}],"wp:featuredmedia":[{"embeddable":true,"href":"https:\/\/cdnoticias.com\/index.php\/wp-json\/wp\/v2\/media\/33733"}],"wp:attachment":[{"href":"https:\/\/cdnoticias.com\/index.php\/wp-json\/wp\/v2\/media?parent=33732"}],"wp:term":[{"taxonomy":"category","embeddable":true,"href":"https:\/\/cdnoticias.com\/index.php\/wp-json\/wp\/v2\/categories?post=33732"},{"taxonomy":"post_tag","embeddable":true,"href":"https:\/\/cdnoticias.com\/index.php\/wp-json\/wp\/v2\/tags?post=33732"}],"curies":[{"name":"wp","href":"https:\/\/api.w.org\/{rel}","templated":true}]}}