{"id":33730,"date":"2021-09-23T15:33:48","date_gmt":"2021-09-23T18:33:48","guid":{"rendered":"http:\/\/www.centraldenoticias.com.ar\/?p=33730"},"modified":"2021-09-23T15:34:17","modified_gmt":"2021-09-23T18:34:17","slug":"diputados-analizo-los-sistemas-de-adopcion","status":"publish","type":"post","link":"https:\/\/cdnoticias.com\/index.php\/2021\/09\/23\/diputados-analizo-los-sistemas-de-adopcion\/","title":{"rendered":"La C\u00e1mara de Diputados analiz\u00f3 los sistemas de adopci\u00f3n"},"content":{"rendered":"<p>Fue en el marco de una reuni\u00f3n informativa de la comisi\u00f3n bicameral de ni\u00f1as, ni\u00f1os y adolescentes. Se debati\u00f3 sobre procesos y registros de adopci\u00f3n.<!--more--><\/p>\n<hr \/>\n<p>En una reuni\u00f3n informativa de la comisi\u00f3n Bicameral de Ni\u00f1as, Ni\u00f1os y Adolescentes, representantes del Registro \u00danico de Aspirantes a Guarda con Fines Adoptivos (DNRUA)<strong> debatieron junto a las legisladoras los lineamientos principales sobre los procesos y registros de adopci\u00f3n.<\/strong><\/p>\n<p>&nbsp;<\/p>\n<p><strong>\u201cNuestro objetivo es impulsar una mejora en los procesos de adopci\u00f3n\u201d<\/strong>, afirm\u00f3 Gustavo Herrero, Director Nacional del Registro \u00danico de Aspirantes a Guarda con Fines Adoptivos (DNRUA), al tiempo que asegur\u00f3: \u201cEs fundamental el trabajo en conjunto con los actores institucionales que intervienen en esos procesos\u201d.<\/p>\n<p>&nbsp;<\/p>\n<div class=\"jetpack-video-wrapper\"><iframe loading=\"lazy\" width=\"800\" height=\"450\" src=\"https:\/\/www.youtube.com\/embed\/zUYddX1uouQ?feature=oembed\" frameborder=\"0\" allow=\"accelerometer; autoplay; clipboard-write; encrypted-media; gyroscope; picture-in-picture\" allowfullscreen><\/iframe><\/div>\n<p>&nbsp;<\/p>\n<p>En su exposici\u00f3n, el funcionario ofreci\u00f3 informaci\u00f3n sobre la actualidad en nuestro pa\u00eds e indic\u00f3: <strong>\u201cTenemos 2900 legajos de propuestas en el registro de adopci\u00f3n en Argentina, ya sea monoparentales o parejas, esperando para ser convocadas con las caracter\u00edsticas de las disponibilidades adoptivas\u201d.<\/strong><\/p>\n<p>&nbsp;<\/p>\n<p>Asimismo, se\u00f1al\u00f3 que \u201cel proceso de vinculaci\u00f3n es clave\u201d, y asever\u00f3 que \u201clos tiempos de espera en la adopci\u00f3n est\u00e1n vinculados con la disponibilidad\u201d. Adem\u00e1s, puntualiz\u00f3: <strong>&#8220;Tenemos que fortalecer el funcionamiento de la Red Federal de Registro a trav\u00e9s de las reuniones regionales; lograr una constante actualizaci\u00f3n de nuestra base de datos sobre las n\u00f3minas de los postulantes; as\u00ed como tambi\u00e9n, acercar el registro a la comunidad, a trav\u00e9s de distintos espacios de encuentro\u201d.<\/strong><\/p>\n","protected":false},"excerpt":{"rendered":"<p>Fue en el marco de una reuni\u00f3n informativa de la comisi\u00f3n bicameral de ni\u00f1as, ni\u00f1os y adolescentes. Se debati\u00f3 sobre<\/p>\n","protected":false},"author":3,"featured_media":33736,"comment_status":"closed","ping_status":"closed","sticky":false,"template":"","format":"standard","meta":{"_jetpack_memberships_contains_paid_content":false,"footnotes":""},"categories":[6,1],"tags":[],"class_list":["post-33730","post","type-post","status-publish","format-standard","has-post-thumbnail","hentry","category-nacionales","category-portada"],"jetpack_featured_media_url":"https:\/\/i0.wp.com\/cdnoticias.com\/wp-content\/uploads\/2021\/09\/diputados-1.jpg?fit=800%2C445&ssl=1","jetpack_sharing_enabled":true,"_links":{"self":[{"href":"https:\/\/cdnoticias.com\/index.php\/wp-json\/wp\/v2\/posts\/33730","targetHints":{"allow":["GET"]}}],"collection":[{"href":"https:\/\/cdnoticias.com\/index.php\/wp-json\/wp\/v2\/posts"}],"about":[{"href":"https:\/\/cdnoticias.com\/index.php\/wp-json\/wp\/v2\/types\/post"}],"author":[{"embeddable":true,"href":"https:\/\/cdnoticias.com\/index.php\/wp-json\/wp\/v2\/users\/3"}],"replies":[{"embeddable":true,"href":"https:\/\/cdnoticias.com\/index.php\/wp-json\/wp\/v2\/comments?post=33730"}],"version-history":[{"count":0,"href":"https:\/\/cdnoticias.com\/index.php\/wp-json\/wp\/v2\/posts\/33730\/revisions"}],"wp:featuredmedia":[{"embeddable":true,"href":"https:\/\/cdnoticias.com\/index.php\/wp-json\/wp\/v2\/media\/33736"}],"wp:attachment":[{"href":"https:\/\/cdnoticias.com\/index.php\/wp-json\/wp\/v2\/media?parent=33730"}],"wp:term":[{"taxonomy":"category","embeddable":true,"href":"https:\/\/cdnoticias.com\/index.php\/wp-json\/wp\/v2\/categories?post=33730"},{"taxonomy":"post_tag","embeddable":true,"href":"https:\/\/cdnoticias.com\/index.php\/wp-json\/wp\/v2\/tags?post=33730"}],"curies":[{"name":"wp","href":"https:\/\/api.w.org\/{rel}","templated":true}]}}