{"id":33697,"date":"2021-09-23T11:49:34","date_gmt":"2021-09-23T14:49:34","guid":{"rendered":"http:\/\/www.centraldenoticias.com.ar\/?p=33697"},"modified":"2021-09-23T13:25:03","modified_gmt":"2021-09-23T16:25:03","slug":"proponen-crear-el-buen-contribuyente-electronico","status":"publish","type":"post","link":"https:\/\/cdnoticias.com\/index.php\/2021\/09\/23\/proponen-crear-el-buen-contribuyente-electronico\/","title":{"rendered":"Proponen crear el \u201cbuen contribuyente electr\u00f3nico\u201d"},"content":{"rendered":"<p>Es una iniciativa del Ejecutivo que se analizar\u00e1 en el Concejo Deliberante. Se busca promover la recepci\u00f3n de facturas de servicios municipales por mail.<\/p>\n<p><!--more--><\/p>\n<hr \/>\n<p><strong>El Ejecutivo municipal promueve la creaci\u00f3n del \u201cbuen contribuyente electr\u00f3nico\u201d<\/strong>, una propuesta que se analizar\u00e1 en el Concejo Deliberante.<\/p>\n<p>&nbsp;<\/p>\n<p><a href=\"https:\/\/cdnoticias.com\/index.php\/2021\/09\/23\/el-concejo-deliberante-volvio-a-sesionar-en-el-recinto\/\" target=\"_blank\" rel=\"noopener\">En el inicio de la sesi\u00f3n de este jueves<\/a>, <strong>el presidente del bloque Juntos, Mart\u00edn Endere, solicit\u00f3 el ingreso de la propuesta \u2013un proyecto de ordenanza- para que pase a su estudio<\/strong> en las comisiones de Hacienda y Legislaci\u00f3n. El pedido fue avalado por todos los bloques.<\/p>\n<p>&nbsp;<\/p>\n<p><img data-recalc-dims=\"1\" loading=\"lazy\" decoding=\"async\" class=\"alignnone size-full wp-image-33698\" src=\"https:\/\/i0.wp.com\/cdnoticias.com\/wp-content\/uploads\/2021\/09\/HCD-juntos-01.jpg?resize=800%2C445&#038;ssl=1\" alt=\"\" width=\"800\" height=\"445\" srcset=\"https:\/\/i0.wp.com\/cdnoticias.com\/wp-content\/uploads\/2021\/09\/HCD-juntos-01.jpg?w=800&amp;ssl=1 800w, https:\/\/i0.wp.com\/cdnoticias.com\/wp-content\/uploads\/2021\/09\/HCD-juntos-01.jpg?resize=300%2C167&amp;ssl=1 300w, https:\/\/i0.wp.com\/cdnoticias.com\/wp-content\/uploads\/2021\/09\/HCD-juntos-01.jpg?resize=768%2C427&amp;ssl=1 768w\" sizes=\"auto, (max-width: 800px) 100vw, 800px\" \/><\/p>\n<p>&nbsp;<\/p>\n<p>El proyecto consiste en la creaci\u00f3n de esta figura para <strong>promover la llamada boleta electr\u00f3nica<\/strong>, es decir que los contribuyentes adhieran a recibir las facturas de servicios municipales por mail.<\/p>\n<p>&nbsp;<\/p>\n<p>Tal como explic\u00f3 brevemente Endere,<strong> el Ejecutivo propone \u201cpremiar\u201d a quienes adhieran a la boleta electr\u00f3nica as\u00ed como a los contribuyentes que mantienen sus pagos al d\u00eda de los tributos municipales<\/strong>.<\/p>\n<p>&nbsp;<\/p>\n<p><img data-recalc-dims=\"1\" loading=\"lazy\" decoding=\"async\" class=\"alignnone size-full wp-image-33687\" src=\"https:\/\/i0.wp.com\/cdnoticias.com\/wp-content\/uploads\/2021\/09\/HCD-juntos-00.jpg?resize=800%2C445&#038;ssl=1\" alt=\"\" width=\"800\" height=\"445\" srcset=\"https:\/\/i0.wp.com\/cdnoticias.com\/wp-content\/uploads\/2021\/09\/HCD-juntos-00.jpg?w=800&amp;ssl=1 800w, https:\/\/i0.wp.com\/cdnoticias.com\/wp-content\/uploads\/2021\/09\/HCD-juntos-00.jpg?resize=300%2C167&amp;ssl=1 300w, https:\/\/i0.wp.com\/cdnoticias.com\/wp-content\/uploads\/2021\/09\/HCD-juntos-00.jpg?resize=768%2C427&amp;ssl=1 768w\" sizes=\"auto, (max-width: 800px) 100vw, 800px\" \/><\/p>\n","protected":false},"excerpt":{"rendered":"<p>Es una iniciativa del Ejecutivo que se analizar\u00e1 en el Concejo Deliberante. Se busca promover la recepci\u00f3n de facturas de<\/p>\n","protected":false},"author":4,"featured_media":33699,"comment_status":"closed","ping_status":"closed","sticky":false,"template":"","format":"standard","meta":{"_jetpack_memberships_contains_paid_content":false,"footnotes":""},"categories":[4,1],"tags":[],"class_list":["post-33697","post","type-post","status-publish","format-standard","has-post-thumbnail","hentry","category-politica","category-portada"],"jetpack_featured_media_url":"https:\/\/i0.wp.com\/cdnoticias.com\/wp-content\/uploads\/2021\/09\/HCD-endere-00.jpg?fit=800%2C445&ssl=1","jetpack_sharing_enabled":true,"_links":{"self":[{"href":"https:\/\/cdnoticias.com\/index.php\/wp-json\/wp\/v2\/posts\/33697","targetHints":{"allow":["GET"]}}],"collection":[{"href":"https:\/\/cdnoticias.com\/index.php\/wp-json\/wp\/v2\/posts"}],"about":[{"href":"https:\/\/cdnoticias.com\/index.php\/wp-json\/wp\/v2\/types\/post"}],"author":[{"embeddable":true,"href":"https:\/\/cdnoticias.com\/index.php\/wp-json\/wp\/v2\/users\/4"}],"replies":[{"embeddable":true,"href":"https:\/\/cdnoticias.com\/index.php\/wp-json\/wp\/v2\/comments?post=33697"}],"version-history":[{"count":0,"href":"https:\/\/cdnoticias.com\/index.php\/wp-json\/wp\/v2\/posts\/33697\/revisions"}],"wp:featuredmedia":[{"embeddable":true,"href":"https:\/\/cdnoticias.com\/index.php\/wp-json\/wp\/v2\/media\/33699"}],"wp:attachment":[{"href":"https:\/\/cdnoticias.com\/index.php\/wp-json\/wp\/v2\/media?parent=33697"}],"wp:term":[{"taxonomy":"category","embeddable":true,"href":"https:\/\/cdnoticias.com\/index.php\/wp-json\/wp\/v2\/categories?post=33697"},{"taxonomy":"post_tag","embeddable":true,"href":"https:\/\/cdnoticias.com\/index.php\/wp-json\/wp\/v2\/tags?post=33697"}],"curies":[{"name":"wp","href":"https:\/\/api.w.org\/{rel}","templated":true}]}}