{"id":33692,"date":"2021-09-23T10:36:55","date_gmt":"2021-09-23T13:36:55","guid":{"rendered":"http:\/\/www.centraldenoticias.com.ar\/?p=33692"},"modified":"2021-09-23T11:49:50","modified_gmt":"2021-09-23T14:49:50","slug":"el-concejo-deliberante-volvio-a-sesionar-en-el-recinto","status":"publish","type":"post","link":"https:\/\/cdnoticias.com\/index.php\/2021\/09\/23\/el-concejo-deliberante-volvio-a-sesionar-en-el-recinto\/","title":{"rendered":"El Concejo Deliberante volvi\u00f3 a sesionar en el recinto"},"content":{"rendered":"<p>Este jueves marc\u00f3 el regreso a la presencialidad de los concejales de Olavarr\u00eda. Se contaron 50 proyectos en debate.<!--more--><\/p>\n<hr \/>\n<p><strong>El Concejo Deliberante de Olavarr\u00eda volvi\u00f3 este jueves a sesionar de manera presencial<\/strong> despu\u00e9s de seis meses de hacerlo de forma virtual, <a href=\"https:\/\/cdnoticias.com\/index.php\/2021\/09\/22\/este-jueves-sesionara-de-manera-presencial-el-hcd\/\" target=\"_blank\" rel=\"noopener\">tal como se hab\u00eda adelantado tras el aval del Comit\u00e9 de Crisis<\/a>.<\/p>\n<p>&nbsp;<\/p>\n<p>Se incluyeron en el orden del d\u00eda <strong>50 proyectos para el tratamiento de los concejales<\/strong>, que realizaron las sesiones ordinarias 12\u00b0 y 13\u00b0 en la sede de la Sociedad Espa\u00f1ola.<\/p>\n<p>&nbsp;<\/p>\n<p><img data-recalc-dims=\"1\" loading=\"lazy\" decoding=\"async\" class=\"size-full wp-image-33691 aligncenter\" src=\"https:\/\/i0.wp.com\/cdnoticias.com\/wp-content\/uploads\/2021\/09\/HCD-votacion-00.jpg?resize=800%2C445&#038;ssl=1\" alt=\"\" width=\"800\" height=\"445\" srcset=\"https:\/\/i0.wp.com\/cdnoticias.com\/wp-content\/uploads\/2021\/09\/HCD-votacion-00.jpg?w=800&amp;ssl=1 800w, https:\/\/i0.wp.com\/cdnoticias.com\/wp-content\/uploads\/2021\/09\/HCD-votacion-00.jpg?resize=300%2C167&amp;ssl=1 300w, https:\/\/i0.wp.com\/cdnoticias.com\/wp-content\/uploads\/2021\/09\/HCD-votacion-00.jpg?resize=768%2C427&amp;ssl=1 768w\" sizes=\"auto, (max-width: 800px) 100vw, 800px\" \/><\/p>\n<p>&nbsp;<\/p>\n<p>En el inicio de la actividad <strong>la concejal Alicia Almada (Renovaci\u00f3n Peronista) expres\u00f3 sentidas palabras en recuerdo de Hugo Ratier<\/strong>, profesor de la Facultad de Ciencias Sociales de Unicen, <a href=\"https:\/\/cdnoticias.com\/index.php\/2021\/09\/22\/pesar-por-la-muerte-del-reconocido-antropologo-y-docente-hugo-ratier\/\" target=\"_blank\" rel=\"noopener\">quien falleci\u00f3 este mi\u00e9rcoles<\/a>. Se sum\u00f3 <strong>Cecilia Krivochen (Juntos)<\/strong> tambi\u00e9n con manifestaciones sobre el la figura del doctor en antropolog\u00eda.<\/p>\n<p>&nbsp;<\/p>\n<p>Adem\u00e1s,<strong> el concejal Eduardo Rodr\u00edguez (Foro Olavarr\u00eda, Frente de Todos), tambi\u00e9n se manifest\u00f3 en recuerdo del ex intendente Helios Eseverri<\/strong> de cuyo fallecimiento se cumplieron 14 a\u00f1os el pasado martes.<\/p>\n","protected":false},"excerpt":{"rendered":"<p>Este jueves marc\u00f3 el regreso a la presencialidad de los concejales de Olavarr\u00eda. Se contaron 50 proyectos en debate.<\/p>\n","protected":false},"author":4,"featured_media":33689,"comment_status":"closed","ping_status":"closed","sticky":false,"template":"","format":"standard","meta":{"_jetpack_memberships_contains_paid_content":false,"footnotes":""},"categories":[4,1],"tags":[],"class_list":["post-33692","post","type-post","status-publish","format-standard","has-post-thumbnail","hentry","category-politica","category-portada"],"jetpack_featured_media_url":"https:\/\/i0.wp.com\/cdnoticias.com\/wp-content\/uploads\/2021\/09\/HCD-sesion-00.jpg?fit=800%2C445&ssl=1","jetpack_sharing_enabled":true,"_links":{"self":[{"href":"https:\/\/cdnoticias.com\/index.php\/wp-json\/wp\/v2\/posts\/33692","targetHints":{"allow":["GET"]}}],"collection":[{"href":"https:\/\/cdnoticias.com\/index.php\/wp-json\/wp\/v2\/posts"}],"about":[{"href":"https:\/\/cdnoticias.com\/index.php\/wp-json\/wp\/v2\/types\/post"}],"author":[{"embeddable":true,"href":"https:\/\/cdnoticias.com\/index.php\/wp-json\/wp\/v2\/users\/4"}],"replies":[{"embeddable":true,"href":"https:\/\/cdnoticias.com\/index.php\/wp-json\/wp\/v2\/comments?post=33692"}],"version-history":[{"count":0,"href":"https:\/\/cdnoticias.com\/index.php\/wp-json\/wp\/v2\/posts\/33692\/revisions"}],"wp:featuredmedia":[{"embeddable":true,"href":"https:\/\/cdnoticias.com\/index.php\/wp-json\/wp\/v2\/media\/33689"}],"wp:attachment":[{"href":"https:\/\/cdnoticias.com\/index.php\/wp-json\/wp\/v2\/media?parent=33692"}],"wp:term":[{"taxonomy":"category","embeddable":true,"href":"https:\/\/cdnoticias.com\/index.php\/wp-json\/wp\/v2\/categories?post=33692"},{"taxonomy":"post_tag","embeddable":true,"href":"https:\/\/cdnoticias.com\/index.php\/wp-json\/wp\/v2\/tags?post=33692"}],"curies":[{"name":"wp","href":"https:\/\/api.w.org\/{rel}","templated":true}]}}