{"id":33683,"date":"2021-09-23T09:03:57","date_gmt":"2021-09-23T12:03:57","guid":{"rendered":"http:\/\/www.centraldenoticias.com.ar\/?p=33683"},"modified":"2021-09-23T09:03:57","modified_gmt":"2021-09-23T12:03:57","slug":"llevaba-media-res-de-cerdo-y-quedo-aprehendido","status":"publish","type":"post","link":"https:\/\/cdnoticias.com\/index.php\/2021\/09\/23\/llevaba-media-res-de-cerdo-y-quedo-aprehendido\/","title":{"rendered":"Llevaba media res de cerdo y qued\u00f3 aprehendido"},"content":{"rendered":"<p>Iba en un auto y fue interceptado por la Polic\u00eda. Fue imputado por \u201cdefraudaci\u00f3n y hurto impropio\u201d.<!--more--><\/p>\n<hr \/>\n<p><strong>Este mi\u00e9rcoles se detect\u00f3 a un hombre de 37 a\u00f1os quien a bordo de un auto llevaba media res de cerdo<\/strong>. Su explicaci\u00f3n de lo sucedido no fue verificada y termin\u00f3 aprehendido.<\/p>\n<p>&nbsp;<\/p>\n<p>El imputado es un <strong>hombre de 37 a\u00f1os<\/strong>, domiciliado en nuestra ciudad. Fue acusado de<strong> \u201cdefraudaci\u00f3n y hurto impropio\u201d<\/strong>.<\/p>\n<p>&nbsp;<\/p>\n<p>Seg\u00fan se detall\u00f3 desde el Comando de Prevenci\u00f3n Rural (CPR) que intervino en el caso, los efectivos policiales <strong>interceptaron a un auto Renault el cual transitaba por un camino rural en la prolongaci\u00f3n de avenida Col\u00f3n<\/strong> a alta velocidad.<\/p>\n<p>&nbsp;<\/p>\n<p><img data-recalc-dims=\"1\" loading=\"lazy\" decoding=\"async\" class=\"aligncenter wp-image-33685\" src=\"https:\/\/i0.wp.com\/cdnoticias.com\/wp-content\/uploads\/2021\/09\/acenida-colon-media-res-porcina-1.jpeg?resize=600%2C450&#038;ssl=1\" alt=\"\" width=\"600\" height=\"450\" srcset=\"https:\/\/i0.wp.com\/cdnoticias.com\/wp-content\/uploads\/2021\/09\/acenida-colon-media-res-porcina-1.jpeg?resize=1024%2C768&amp;ssl=1 1024w, https:\/\/i0.wp.com\/cdnoticias.com\/wp-content\/uploads\/2021\/09\/acenida-colon-media-res-porcina-1.jpeg?resize=300%2C225&amp;ssl=1 300w, https:\/\/i0.wp.com\/cdnoticias.com\/wp-content\/uploads\/2021\/09\/acenida-colon-media-res-porcina-1.jpeg?resize=768%2C576&amp;ssl=1 768w, https:\/\/i0.wp.com\/cdnoticias.com\/wp-content\/uploads\/2021\/09\/acenida-colon-media-res-porcina-1.jpeg?w=1600&amp;ssl=1 1600w\" sizes=\"auto, (max-width: 600px) 100vw, 600px\" \/><\/p>\n<p>&nbsp;<\/p>\n<blockquote><p>Dentro del veh\u00edculo se hall\u00f3 media res porcina. El conductor asegur\u00f3 que era propiedad de otra persona, a la cual identific\u00f3. Consultada esta persona, propietario de porcinos, inform\u00f3 que \u201cninguno de sus empleados poseen autorizaci\u00f3n para retirar porcinos y\/o cortes\u201d, tal como se inform\u00f3 de manera oficial.<\/p><\/blockquote>\n<p>&nbsp;<\/p>\n<p>En ese marco,<strong> se estableci\u00f3 la posible comisi\u00f3n de un delito<\/strong>. Se le dio intervenci\u00f3n a la ayudant\u00eda fiscal de delitos rurales, a cargo del fiscal Juan Ma\u00f1ero, quien aval\u00f3 el procedimiento y orden\u00f3 la aprehensi\u00f3n del conductor del auto.<\/p>\n<p>&nbsp;<\/p>\n<p><strong>Fueron secuestrados tanto el corte de carne como un tel\u00e9fono celular<\/strong>.<\/p>\n<p>&nbsp;<\/p>\n<p>Se adelant\u00f3 que <strong>este jueves el imputado ser\u00e1 trasladado a la sede de Fiscal\u00eda<\/strong> para llevar adelante una audiencia en la UFI N\u00b0 19.<\/p>\n","protected":false},"excerpt":{"rendered":"<p>Iba en un auto y fue interceptado por la Polic\u00eda. Fue imputado por \u201cdefraudaci\u00f3n y hurto impropio\u201d.<\/p>\n","protected":false},"author":4,"featured_media":33684,"comment_status":"closed","ping_status":"closed","sticky":false,"template":"","format":"standard","meta":{"_jetpack_memberships_contains_paid_content":false,"footnotes":""},"categories":[14,1],"tags":[],"class_list":["post-33683","post","type-post","status-publish","format-standard","has-post-thumbnail","hentry","category-policiales","category-portada"],"jetpack_featured_media_url":"https:\/\/i0.wp.com\/cdnoticias.com\/wp-content\/uploads\/2021\/09\/acenida-colon-media-res-porcina-2.jpeg?fit=1600%2C1200&ssl=1","jetpack_sharing_enabled":true,"_links":{"self":[{"href":"https:\/\/cdnoticias.com\/index.php\/wp-json\/wp\/v2\/posts\/33683","targetHints":{"allow":["GET"]}}],"collection":[{"href":"https:\/\/cdnoticias.com\/index.php\/wp-json\/wp\/v2\/posts"}],"about":[{"href":"https:\/\/cdnoticias.com\/index.php\/wp-json\/wp\/v2\/types\/post"}],"author":[{"embeddable":true,"href":"https:\/\/cdnoticias.com\/index.php\/wp-json\/wp\/v2\/users\/4"}],"replies":[{"embeddable":true,"href":"https:\/\/cdnoticias.com\/index.php\/wp-json\/wp\/v2\/comments?post=33683"}],"version-history":[{"count":0,"href":"https:\/\/cdnoticias.com\/index.php\/wp-json\/wp\/v2\/posts\/33683\/revisions"}],"wp:featuredmedia":[{"embeddable":true,"href":"https:\/\/cdnoticias.com\/index.php\/wp-json\/wp\/v2\/media\/33684"}],"wp:attachment":[{"href":"https:\/\/cdnoticias.com\/index.php\/wp-json\/wp\/v2\/media?parent=33683"}],"wp:term":[{"taxonomy":"category","embeddable":true,"href":"https:\/\/cdnoticias.com\/index.php\/wp-json\/wp\/v2\/categories?post=33683"},{"taxonomy":"post_tag","embeddable":true,"href":"https:\/\/cdnoticias.com\/index.php\/wp-json\/wp\/v2\/tags?post=33683"}],"curies":[{"name":"wp","href":"https:\/\/api.w.org\/{rel}","templated":true}]}}