{"id":33675,"date":"2021-09-22T20:55:13","date_gmt":"2021-09-22T23:55:13","guid":{"rendered":"http:\/\/www.centraldenoticias.com.ar\/?p=33675"},"modified":"2021-09-22T21:07:41","modified_gmt":"2021-09-23T00:07:41","slug":"encontraron-huesos-humanos-en-azul-e-investigan-si-podria-tratarse-de-una-victima-de-la-ultima-dictadura","status":"publish","type":"post","link":"https:\/\/cdnoticias.com\/index.php\/2021\/09\/22\/encontraron-huesos-humanos-en-azul-e-investigan-si-podria-tratarse-de-una-victima-de-la-ultima-dictadura\/","title":{"rendered":"Encontraron  huesos humanos en Azul e investigan si podr\u00eda tratarse de una v\u00edctima de la \u00faltima dictadura"},"content":{"rendered":"<p>El hallazgo se dio en el predio del Regimiento Militar de la vecina ciudad. Interviene la Justicia Federal.<!--more--><\/p>\n<hr \/>\n<p><strong>Tras la ca\u00edda de un \u00e1rbol de grandes dimensiones en el Regimiento de Azul, como consecuencia de las tormentas de las \u00faltimas semanas, este martes personal militar que realizaba las tareas de remoci\u00f3n y acondicionamiento encontr\u00f3 restos \u00f3seos, que luego se confirm\u00f3 que eran humanos<\/strong>, debajo de sus ra\u00edces.<\/p>\n<p>&nbsp;<\/p>\n<blockquote><p>El hecho se dio horas despu\u00e9s de la audiencia preliminar por el juicio oral que juzgar\u00e1 el circuito represivo -integrado, entre otras dependencias, por el lugar del hallazgo- de las \u00e1reas militares con asiento en Tandil y Azul, pero tambi\u00e9n con v\u00edctimas de Olavarr\u00eda. Son en total 26 acusados por delitos cometidos contra 118 v\u00edctimas.<\/p><\/blockquote>\n<p>&nbsp;<\/p>\n<p>Frente a ello, el jefe del Regimiento, teniente coronel Ignacio Zubeld\u00eda, realiz\u00f3 la denuncia ante el Juzgado Federal de Azul, a cargo de Gabriel Di Giulio. La causa fue delegada a la Fiscal\u00eda Federal de Azul, que dirige Santiago Eyherabide, y <strong>se dispuso la convocatoria de especialistas del Equipo Argentino de Antropolog\u00eda Forense (EAAF), quienes trabajaron en el lugar martes y mi\u00e9rcoles<\/strong>. Se desarrollaron distintas tareas y, si bien en principio se\u00f1alaron que los restos podr\u00edan ser m\u00e1s antiguos, tomaron la evidencia para continuar con los estudios en la sede de la instituci\u00f3n cient\u00edfica de la Ciudad de Buenos Aires.<\/p>\n<p>&nbsp;<\/p>\n<p><strong>Un equipo de profesionales ya se encontraba en la zona, abocado a estudios espec\u00edficos en \u201cLa Huerta\u201d, el centro clandestino de detenci\u00f3n que funcion\u00f3 en cercan\u00edas a la ruta 226, en Tandil<\/strong>. All\u00ed, en conjunto con especialistas la Universidad Nacional del Centro (UNICEN), se est\u00e1n realizando estudios con georadares para intentar localizar la presencia de restos humanos, de acuerdo a lo dispuesto por el juez Di Giulio.<\/p>\n<p>&nbsp;<\/p>\n<blockquote><p>El Tribunal Oral Federal de Mar del Plata estar\u00e1 integrado por los jueces Nicol\u00e1s Toselli, Fernando Machado Pelloni y Luis Imas.<\/p><\/blockquote>\n<p>&nbsp;<\/p>\n<p>Por los hechos ocurridos en ese centro clandestino de detenci\u00f3n y otros de las \u00c1reas Militares con asiento en Tandil y Azul, se realiz\u00f3 tambi\u00e9n esta semana la audiencia preliminar del juicio denominado \u201cLa Huerta\u201d.\u00a0El<strong> debate, que tendr\u00e1 como imputados a militares, polic\u00edas y civiles, comenzar\u00e1 en febrero del a\u00f1o pr\u00f3ximo con un sistema dual, presencial y remoto. Los acusados son en total 26 y las v\u00edctimas 118<\/strong>. El Ministerio P\u00fablico Fiscal estar\u00e1 representado por los fiscales Santiago Eyherabide y Juan Pablo Curi, y como auxiliares fiscales actuar\u00e1n Mar\u00eda Eugenia Montero y Julio Darmandrail.<\/p>\n<p>&nbsp;<\/p>\n<p><strong>En el debate se juzgar\u00e1 el circuito represivo del \u00c1rea 121<\/strong>, que incluye centros clandestinos de detenci\u00f3n como \u201cLa Huerta\u201d, las comisar\u00edas Primera y Segunda de Tandil, la \u201cChacra de M\u00e9ndez\u201d y el ex Instituto Superior de Educaci\u00f3n Rural (ISER), junto a los hechos ocurridos en la ciudad de Azul.<\/p>\n<p>&nbsp;<\/p>\n<p>Fuente <a href=\"https:\/\/www.fiscales.gob.ar\/lesa-humanidad\/encontraron-huesos-humanos-en-el-regimiento-militar-de-azul-e-investigan-si-podria-tratarse-de-una-victima-de-la-ultima-dictadura-militar\/\" target=\"_blank\" rel=\"noopener\">fiscales.gob.ar<\/a> \/ Foto El Eco de Tandil<\/p>\n","protected":false},"excerpt":{"rendered":"<p>El hallazgo se dio en el predio del Regimiento Militar de la vecina ciudad. Interviene la Justicia Federal.<\/p>\n","protected":false},"author":3,"featured_media":33676,"comment_status":"closed","ping_status":"closed","sticky":false,"template":"","format":"standard","meta":{"_jetpack_memberships_contains_paid_content":false,"footnotes":""},"categories":[6,1],"tags":[],"class_list":["post-33675","post","type-post","status-publish","format-standard","has-post-thumbnail","hentry","category-nacionales","category-portada"],"jetpack_featured_media_url":"https:\/\/i0.wp.com\/cdnoticias.com\/wp-content\/uploads\/2021\/09\/huerta-2loc2.jpg?fit=2598%2C1772&ssl=1","jetpack_sharing_enabled":true,"_links":{"self":[{"href":"https:\/\/cdnoticias.com\/index.php\/wp-json\/wp\/v2\/posts\/33675","targetHints":{"allow":["GET"]}}],"collection":[{"href":"https:\/\/cdnoticias.com\/index.php\/wp-json\/wp\/v2\/posts"}],"about":[{"href":"https:\/\/cdnoticias.com\/index.php\/wp-json\/wp\/v2\/types\/post"}],"author":[{"embeddable":true,"href":"https:\/\/cdnoticias.com\/index.php\/wp-json\/wp\/v2\/users\/3"}],"replies":[{"embeddable":true,"href":"https:\/\/cdnoticias.com\/index.php\/wp-json\/wp\/v2\/comments?post=33675"}],"version-history":[{"count":0,"href":"https:\/\/cdnoticias.com\/index.php\/wp-json\/wp\/v2\/posts\/33675\/revisions"}],"wp:featuredmedia":[{"embeddable":true,"href":"https:\/\/cdnoticias.com\/index.php\/wp-json\/wp\/v2\/media\/33676"}],"wp:attachment":[{"href":"https:\/\/cdnoticias.com\/index.php\/wp-json\/wp\/v2\/media?parent=33675"}],"wp:term":[{"taxonomy":"category","embeddable":true,"href":"https:\/\/cdnoticias.com\/index.php\/wp-json\/wp\/v2\/categories?post=33675"},{"taxonomy":"post_tag","embeddable":true,"href":"https:\/\/cdnoticias.com\/index.php\/wp-json\/wp\/v2\/tags?post=33675"}],"curies":[{"name":"wp","href":"https:\/\/api.w.org\/{rel}","templated":true}]}}