{"id":33672,"date":"2021-09-23T08:18:54","date_gmt":"2021-09-23T11:18:54","guid":{"rendered":"http:\/\/www.centraldenoticias.com.ar\/?p=33672"},"modified":"2021-09-23T10:39:16","modified_gmt":"2021-09-23T13:39:16","slug":"este-miercoles-se-vacunaron-mas-de-400-personas-contra-el-covid19","status":"publish","type":"post","link":"https:\/\/cdnoticias.com\/index.php\/2021\/09\/23\/este-miercoles-se-vacunaron-mas-de-400-personas-contra-el-covid19\/","title":{"rendered":"Este mi\u00e9rcoles se vacunaron m\u00e1s de 400 personas contra el Covid19"},"content":{"rendered":"<p>A la par, ya rige en Olavarr\u00eda la vacunaci\u00f3n libre de segundas dosis para mayores de 50 a\u00f1os.<!--more--><\/p>\n<hr \/>\n<p><strong>En la jornada del \u00faltimo mi\u00e9rcoles se aplicaron 432 vacunas contra el Covid-19, de acuerdo con lo divulgado en las \u00faltimas horas desde Regi\u00f3n Sanitaria IX<\/strong>. Se detall\u00f3 que las dosis distribuidas de la siguiente manera: en la Facultad de Ciencias de la Salud se vacunaron 115 vecinos y vecinas, de las cuales 54 corresponden a primeras dosis y 61 a segundo componente, en el Servicio Territorial N\u00b02 se vacunaron 185 personas, 37 con primeras dosis y 148 completaron esquemas con segundo componente; y en Centro Cultural Universitario se aplicaron 132 vacunas correspondientes a segundas dosis.<\/p>\n<p>&nbsp;<\/p>\n<p>Con respecto a las aplicaciones de segundas dosis, <strong>desde el pasado mi\u00e9rcoles hay tambi\u00e9n en nuestra ciudad aplicaci\u00f3n libre para los mayores de 50 a\u00f1os en cuanto hayan cumplido con los tiempos de la vacuna, y para personas gestantes, trabajadores de salud, y personas inmunodeprimidas.<\/strong> El resto de la poblaci\u00f3n para recibir el segundo componente debe respetar el turno, por lo que se le pide a los vecinos y vecinas que est\u00e9n atentos a las notificaciones que se env\u00edan desde el Ministerio de Salud provincial.<\/p>\n<p>&nbsp;<\/p>\n<blockquote><p>Cualquier duda o consulta, podr\u00e1n acercarse a cualquiera de las tres postas: Servicio Territorial N\u00b02, Av. Alberdi 2543, de 8 a 18 hs; Facultad de Ciencias de la Salud, Merlo entre Av. Pringles y 9 de julio, de 8 a 18 hs, y en el Centro Cultural Universitario, San Martin 1955, de 8 a 18 hs.<\/p><\/blockquote>\n<p>&nbsp;<\/p>\n<p>A la par,<strong> sigue desarroll\u00e1ndose la vacunaci\u00f3n libre para mayores de 18 a\u00f1os<\/strong> que acrediten domicilio en la localidad present\u00e1ndose con su DNI en cualquiera de las postas de vacunaci\u00f3n. Adem\u00e1s, contin\u00faa la inscripci\u00f3n a menores de 12 a 17 a\u00f1os a trav\u00e9s del sitio web\u00a0<a href=\"http:\/\/www.vacunatepba.gba.gob.ar\" target=\"_blank\" rel=\"noopener\">www.vacunatepba.gba.gob.ar<\/a> para obtener el turno correspondiente y recibir la primera dosis.<\/p>\n<p>&nbsp;<\/p>\n<p>En cuanto a las actividades preventivas y que se realizan en el Centro Provincial de Testeos que funciona en las instalaciones del Club El Fort\u00edn (Urquiza 2980), de lunes a viernes de 8 a 12 hs, <strong>este mi\u00e9rcoles se realizaron 54 hisopados a personas que se presentaron de manera espont\u00e1nea, de las cuales 9 resultaron positivos.<\/strong><\/p>\n","protected":false},"excerpt":{"rendered":"<p>A la par, ya rige en Olavarr\u00eda la vacunaci\u00f3n libre de segundas dosis para mayores de 50 a\u00f1os.<\/p>\n","protected":false},"author":3,"featured_media":31850,"comment_status":"closed","ping_status":"closed","sticky":false,"template":"","format":"standard","meta":{"_jetpack_memberships_contains_paid_content":false,"footnotes":""},"categories":[16,1],"tags":[],"class_list":["post-33672","post","type-post","status-publish","format-standard","has-post-thumbnail","hentry","category-covid-19","category-portada"],"jetpack_featured_media_url":"https:\/\/i0.wp.com\/cdnoticias.com\/wp-content\/uploads\/2021\/09\/WhatsApp-Image-2021-09-04-at-11.19.22.jpeg?fit=1151%2C697&ssl=1","jetpack_sharing_enabled":true,"_links":{"self":[{"href":"https:\/\/cdnoticias.com\/index.php\/wp-json\/wp\/v2\/posts\/33672","targetHints":{"allow":["GET"]}}],"collection":[{"href":"https:\/\/cdnoticias.com\/index.php\/wp-json\/wp\/v2\/posts"}],"about":[{"href":"https:\/\/cdnoticias.com\/index.php\/wp-json\/wp\/v2\/types\/post"}],"author":[{"embeddable":true,"href":"https:\/\/cdnoticias.com\/index.php\/wp-json\/wp\/v2\/users\/3"}],"replies":[{"embeddable":true,"href":"https:\/\/cdnoticias.com\/index.php\/wp-json\/wp\/v2\/comments?post=33672"}],"version-history":[{"count":0,"href":"https:\/\/cdnoticias.com\/index.php\/wp-json\/wp\/v2\/posts\/33672\/revisions"}],"wp:featuredmedia":[{"embeddable":true,"href":"https:\/\/cdnoticias.com\/index.php\/wp-json\/wp\/v2\/media\/31850"}],"wp:attachment":[{"href":"https:\/\/cdnoticias.com\/index.php\/wp-json\/wp\/v2\/media?parent=33672"}],"wp:term":[{"taxonomy":"category","embeddable":true,"href":"https:\/\/cdnoticias.com\/index.php\/wp-json\/wp\/v2\/categories?post=33672"},{"taxonomy":"post_tag","embeddable":true,"href":"https:\/\/cdnoticias.com\/index.php\/wp-json\/wp\/v2\/tags?post=33672"}],"curies":[{"name":"wp","href":"https:\/\/api.w.org\/{rel}","templated":true}]}}