{"id":33667,"date":"2021-09-22T19:57:19","date_gmt":"2021-09-22T22:57:19","guid":{"rendered":"http:\/\/www.centraldenoticias.com.ar\/?p=33667"},"modified":"2021-09-22T19:57:19","modified_gmt":"2021-09-22T22:57:19","slug":"reunion-en-pedido-de-seguridad-en-el-barrio-ceco","status":"publish","type":"post","link":"https:\/\/cdnoticias.com\/index.php\/2021\/09\/22\/reunion-en-pedido-de-seguridad-en-el-barrio-ceco\/","title":{"rendered":"Reuni\u00f3n en pedido de seguridad en el barrio CECO"},"content":{"rendered":"<p>Concurrieron integrantes de la c\u00fapula de seguridad local, tanto policial como municipal, adem\u00e1s de varios vecinos y vecinas.<!--more--><\/p>\n<hr \/>\n<p>Sobre el cierre de la tarde de este mi\u00e9rcoles la sede de la Sociedad de Fomento del barrio CECO fue sede de<strong> un encuentro que se vio encabezado, adem\u00e1s de referentes barriales, por integrantes de la c\u00fapula de seguridad local tanto policial como municipal.<\/strong><\/p>\n<p>&nbsp;<\/p>\n<p>Es que precisamente el encuentro fue convocado a partir de una serie de hechos delictivos y vand\u00e1licos registrados en ese punto de la ciudad en las \u00faltimas semanas, entre los que <strong>sobresale un ataque a un establecimiento educativo, que result\u00f3 con varios vidrios rotos, seg\u00fan se le narr\u00f3 a este portal.<\/strong><\/p>\n<p>&nbsp;<\/p>\n<p><img data-recalc-dims=\"1\" loading=\"lazy\" decoding=\"async\" class=\"alignnone size-full wp-image-33669\" src=\"https:\/\/i0.wp.com\/cdnoticias.com\/wp-content\/uploads\/2021\/09\/seguridad-CECO.jpg?resize=800%2C445&#038;ssl=1\" alt=\"\" width=\"800\" height=\"445\" srcset=\"https:\/\/i0.wp.com\/cdnoticias.com\/wp-content\/uploads\/2021\/09\/seguridad-CECO.jpg?w=800&amp;ssl=1 800w, https:\/\/i0.wp.com\/cdnoticias.com\/wp-content\/uploads\/2021\/09\/seguridad-CECO.jpg?resize=300%2C167&amp;ssl=1 300w, https:\/\/i0.wp.com\/cdnoticias.com\/wp-content\/uploads\/2021\/09\/seguridad-CECO.jpg?resize=768%2C427&amp;ssl=1 768w\" sizes=\"auto, (max-width: 800px) 100vw, 800px\" \/><\/p>\n<p>&nbsp;<\/p>\n<p>Entre las autoridades municipales se lo pudo ver al <strong>subsecretario de Seguridad, Daniel Borra, y al director del Centro Monitoreo Municipal<\/strong>. Junto ellos estuvo el comisario inspector <strong>Roberto Landoni, jefe de la Estaci\u00f3n de Polic\u00eda Departamental local, junto a los titulares de la comisar\u00eda Segunda y polic\u00eda Local<\/strong>, Silvana Lestani y Lucas Rodr\u00edguez respectivamente.<\/p>\n<p>&nbsp;<\/p>\n<p>Concurri\u00f3 un importante grupo de vecinos y vecinas, quienes <strong>acercaron sus inquietudes y preocupaciones ante el incremento de hechos.<\/strong><\/p>\n","protected":false},"excerpt":{"rendered":"<p>Concurrieron integrantes de la c\u00fapula de seguridad local, tanto policial como municipal, adem\u00e1s de varios vecinos y vecinas.<\/p>\n","protected":false},"author":3,"featured_media":33668,"comment_status":"closed","ping_status":"closed","sticky":false,"template":"","format":"standard","meta":{"_jetpack_memberships_contains_paid_content":false,"footnotes":""},"categories":[14,1],"tags":[],"class_list":["post-33667","post","type-post","status-publish","format-standard","has-post-thumbnail","hentry","category-policiales","category-portada"],"jetpack_featured_media_url":"https:\/\/i0.wp.com\/cdnoticias.com\/wp-content\/uploads\/2021\/09\/Sin-t%C3%ADtulo-1.jpg?fit=800%2C445&ssl=1","jetpack_sharing_enabled":true,"_links":{"self":[{"href":"https:\/\/cdnoticias.com\/index.php\/wp-json\/wp\/v2\/posts\/33667","targetHints":{"allow":["GET"]}}],"collection":[{"href":"https:\/\/cdnoticias.com\/index.php\/wp-json\/wp\/v2\/posts"}],"about":[{"href":"https:\/\/cdnoticias.com\/index.php\/wp-json\/wp\/v2\/types\/post"}],"author":[{"embeddable":true,"href":"https:\/\/cdnoticias.com\/index.php\/wp-json\/wp\/v2\/users\/3"}],"replies":[{"embeddable":true,"href":"https:\/\/cdnoticias.com\/index.php\/wp-json\/wp\/v2\/comments?post=33667"}],"version-history":[{"count":0,"href":"https:\/\/cdnoticias.com\/index.php\/wp-json\/wp\/v2\/posts\/33667\/revisions"}],"wp:featuredmedia":[{"embeddable":true,"href":"https:\/\/cdnoticias.com\/index.php\/wp-json\/wp\/v2\/media\/33668"}],"wp:attachment":[{"href":"https:\/\/cdnoticias.com\/index.php\/wp-json\/wp\/v2\/media?parent=33667"}],"wp:term":[{"taxonomy":"category","embeddable":true,"href":"https:\/\/cdnoticias.com\/index.php\/wp-json\/wp\/v2\/categories?post=33667"},{"taxonomy":"post_tag","embeddable":true,"href":"https:\/\/cdnoticias.com\/index.php\/wp-json\/wp\/v2\/tags?post=33667"}],"curies":[{"name":"wp","href":"https:\/\/api.w.org\/{rel}","templated":true}]}}