{"id":33643,"date":"2021-09-22T16:30:20","date_gmt":"2021-09-22T19:30:20","guid":{"rendered":"http:\/\/www.centraldenoticias.com.ar\/?p=33643"},"modified":"2021-09-22T16:31:13","modified_gmt":"2021-09-22T19:31:13","slug":"pesar-por-la-muerte-del-reconocido-antropologo-y-docente-hugo-ratier","status":"publish","type":"post","link":"https:\/\/cdnoticias.com\/index.php\/2021\/09\/22\/pesar-por-la-muerte-del-reconocido-antropologo-y-docente-hugo-ratier\/","title":{"rendered":"Pesar por la muerte del reconocido antrop\u00f3logo y docente Hugo Ratier"},"content":{"rendered":"<p>\u201cLa antropolog\u00eda est\u00e1 de luto\u201d se titula el documento emitido desde la Facultad de Ciencias Sociales local, en la cual fue uno de los mentores de la carrera de antropolog\u00eda.<!--more--><\/p>\n<hr \/>\n<p>Desde el Departamento de Antropolog\u00eda Social, la Maestr\u00eda en Antropolog\u00eda y el N\u00facleo Regional de Estudios Socioculturales de la Facultad de Ciencias Sociales de la Unicen <strong>se emiti\u00f3 un comunicado en recuerdo y reconocimiento de Hugo Ratier, quien falleci\u00f3 en las \u00faltimas horas.<\/strong><\/p>\n<p>&nbsp;<\/p>\n<p>\u201cLa antropolog\u00eda est\u00e1 de luto\u201d se titula el documento que fue enviado a los medios a la par que se lo reconoce como \u201corganizador\u201d de las carreras de la Casa de Altos Estudios con sede en el Complejo Universitario local. \u201cEn el d\u00eda de hoy, el Departamento de Antropolog\u00eda Social, la Maestr\u00eda en Antropolog\u00eda Social y el N\u00facleo Regional de Estudios Socioculturales (NuRES) de la Facultad de Ciencias Sociales de Olavarr\u00eda han tomado conocimiento del <strong>lamentable fallecimiento de uno de los mentores y organizadores de las carreras de antropolog\u00eda en esta casa de altos estudios, desde sus inicios en 1988. Se trata de Hugo Ratier, antrop\u00f3logo, formador de antrop\u00f3logos y antrop\u00f3logas y referente de la antropolog\u00eda social\u201d, inicia ese documento.<\/strong><\/p>\n<p>&nbsp;<\/p>\n<p>En el mismo se enfatiza que \u201cdesde la d\u00e9cada de 1960 en adelante, ese camino marc\u00f3 su trayectoria profesional. Se constituy\u00f3 en uno de los primeros egresados de la carrera de Ciencias Antropol\u00f3gicas de la UBA, en 1964. Integr\u00f3 el cuerpo docente de la carrera de Antropolog\u00eda de la Universidad Nacional de Mar del Plata, la que luego fue cerrada definitivamente durante la \u00faltima dictadura c\u00edvico-militar-eclesi\u00e1stica de la Argentina. En 1972 actu\u00f3 como socio fundador del Colegio de Graduados en Antropolog\u00eda de la Rep\u00fablica Argentina. <strong>Entre los a\u00f1os 1973 y 1976 dirigi\u00f3 la carrera de Antropolog\u00eda en la UBA hasta su exilio externo en Brasil, donde\u00a0permaneci\u00f3 durante ocho a\u00f1os, aunque ejerciendo su profesi\u00f3n y doctor\u00e1ndose en el Museo Nacional de R\u00edo de Janeiro\u201d.<\/strong><\/p>\n<p>&nbsp;<\/p>\n<p><img data-recalc-dims=\"1\" loading=\"lazy\" decoding=\"async\" class=\"alignnone size-large wp-image-13366\" src=\"https:\/\/i0.wp.com\/cdnoticias.com\/wp-content\/uploads\/2021\/02\/sociales.jpg?resize=800%2C390&#038;ssl=1\" alt=\"\" width=\"800\" height=\"390\" srcset=\"https:\/\/i0.wp.com\/cdnoticias.com\/wp-content\/uploads\/2021\/02\/sociales.jpg?resize=1024%2C499&amp;ssl=1 1024w, https:\/\/i0.wp.com\/cdnoticias.com\/wp-content\/uploads\/2021\/02\/sociales.jpg?resize=300%2C146&amp;ssl=1 300w, https:\/\/i0.wp.com\/cdnoticias.com\/wp-content\/uploads\/2021\/02\/sociales.jpg?resize=768%2C374&amp;ssl=1 768w, https:\/\/i0.wp.com\/cdnoticias.com\/wp-content\/uploads\/2021\/02\/sociales.jpg?w=1366&amp;ssl=1 1366w\" sizes=\"auto, (max-width: 800px) 100vw, 800px\" \/><\/p>\n<p>&nbsp;<\/p>\n<p>\u201cDesde su vuelta a la Argentina, en 1985, se reincorpor\u00f3 a la Facultad de Filosof\u00eda y Letras (UBA) y arrib\u00f3 a nuestra ciudad como director del \u00c1rea Sociocultural del Instituto de Investigaciones Antropol\u00f3gicas de Olavarr\u00eda (IIAO). Fund\u00f3 el NADAR, N\u00facleo Argentino de Antropolog\u00eda Rural, y <strong>fue el gestor del Primer Congreso Argentino de Antropolog\u00eda Rural, realizado en Olavarr\u00eda y donde participaron investigadores y estudiantes de Argentina, Brasil, M\u00e9xico, Venezuela, marcando un hito en el resurgimiento de la disciplina en nuestro pa\u00eds. Dos a\u00f1os despu\u00e9s, fue protagonista en la fundaci\u00f3n de la Carrera de Antropolog\u00eda con sus dos orientaciones, social y arqueol\u00f3gica, en la Facultad de Ciencias Sociales de la Universidad Nacional del Centro de la Provincia de Buenos Aires (UNICEN), la que lo tuvo como director y profesor\u201d<\/strong>, a\u00f1ade el documento.<\/p>\n<p>&nbsp;<\/p>\n<p>A la par se agreg\u00f3 que \u201ca lo largo de estos a\u00f1os desarroll\u00f3 una activa tarea de investigaci\u00f3n, acompa\u00f1ando a estudiantes y graduados en reflexiones y en \u2018el trabajo de campo en el campo\u2019, como le gustaba decir. En este aspecto, <strong>se destaca su trabajo en los pueblos rurales bonaerenses, caracterizado por la inmersi\u00f3n en ese medio durante largos per\u00edodos, siempre formando equipos con colegas y estudiantes de UBA y UNICEN<\/strong>. Esta modalidad le permiti\u00f3 penetrar en aspectos hasta entonces poco conocidos de la vida rural y \u2018privilegiar la perspectiva del actor para captar la vida pueblerina\u2019. Hugo Ratier, etn\u00f3grafo, registr\u00f3 la realidad vivida en esos pueblos en contextos emergentes de crisis\u201d.<\/p>\n<p>&nbsp;<\/p>\n<p>\u201cLuego de su jubilaci\u00f3n fue distinguido como Profesor Em\u00e9rito por la UNICEN, colabor\u00f3 con el NuRES dirigiendo becarios y doctorandos, as\u00ed como tambi\u00e9n con\u00a0 la Maestr\u00eda en Antropolog\u00eda Social, como miembro honor\u00edfico del Comit\u00e9 Acad\u00e9mico de la misma. <strong>Hugo Ratier, docente, colega y amigo, ense\u00f1\u00f3 e invit\u00f3 a transitar caminos que conducen a descubrir los secretos que esconden las problem\u00e1ticas socialesabstractas en la vida de las personas comunes\u201d, concluyeron.<\/strong><\/p>\n","protected":false},"excerpt":{"rendered":"<p>\u201cLa antropolog\u00eda est\u00e1 de luto\u201d se titula el documento emitido desde la Facultad de Ciencias Sociales local, en la cual<\/p>\n","protected":false},"author":3,"featured_media":33645,"comment_status":"closed","ping_status":"closed","sticky":false,"template":"","format":"standard","meta":{"_jetpack_memberships_contains_paid_content":false,"footnotes":""},"categories":[5,1],"tags":[],"class_list":["post-33643","post","type-post","status-publish","format-standard","has-post-thumbnail","hentry","category-informacion-general","category-portada"],"jetpack_featured_media_url":"https:\/\/i0.wp.com\/cdnoticias.com\/wp-content\/uploads\/2021\/09\/hugoratierint.jpg?fit=800%2C507&ssl=1","jetpack_sharing_enabled":true,"_links":{"self":[{"href":"https:\/\/cdnoticias.com\/index.php\/wp-json\/wp\/v2\/posts\/33643","targetHints":{"allow":["GET"]}}],"collection":[{"href":"https:\/\/cdnoticias.com\/index.php\/wp-json\/wp\/v2\/posts"}],"about":[{"href":"https:\/\/cdnoticias.com\/index.php\/wp-json\/wp\/v2\/types\/post"}],"author":[{"embeddable":true,"href":"https:\/\/cdnoticias.com\/index.php\/wp-json\/wp\/v2\/users\/3"}],"replies":[{"embeddable":true,"href":"https:\/\/cdnoticias.com\/index.php\/wp-json\/wp\/v2\/comments?post=33643"}],"version-history":[{"count":0,"href":"https:\/\/cdnoticias.com\/index.php\/wp-json\/wp\/v2\/posts\/33643\/revisions"}],"wp:featuredmedia":[{"embeddable":true,"href":"https:\/\/cdnoticias.com\/index.php\/wp-json\/wp\/v2\/media\/33645"}],"wp:attachment":[{"href":"https:\/\/cdnoticias.com\/index.php\/wp-json\/wp\/v2\/media?parent=33643"}],"wp:term":[{"taxonomy":"category","embeddable":true,"href":"https:\/\/cdnoticias.com\/index.php\/wp-json\/wp\/v2\/categories?post=33643"},{"taxonomy":"post_tag","embeddable":true,"href":"https:\/\/cdnoticias.com\/index.php\/wp-json\/wp\/v2\/tags?post=33643"}],"curies":[{"name":"wp","href":"https:\/\/api.w.org\/{rel}","templated":true}]}}