{"id":33634,"date":"2021-09-22T15:21:24","date_gmt":"2021-09-22T18:21:24","guid":{"rendered":"http:\/\/www.centraldenoticias.com.ar\/?p=33634"},"modified":"2021-09-22T15:21:24","modified_gmt":"2021-09-22T18:21:24","slug":"la-representacion-comercial-de-rusia-en-argentina-visito-la-unicen","status":"publish","type":"post","link":"https:\/\/cdnoticias.com\/index.php\/2021\/09\/22\/la-representacion-comercial-de-rusia-en-argentina-visito-la-unicen\/","title":{"rendered":"La representaci\u00f3n comercial de Rusia en Argentina visit\u00f3 la Unicen"},"content":{"rendered":"<p>Ocurri\u00f3 d\u00edas atr\u00e1s y fueron recibidos por el rector Marcelo Aba y la vicerrectora Alicia Spinello.<!--more--><\/p>\n<hr \/>\n<p>D\u00edas atr\u00e1s, el rector Marcelo Aba y la vicerrectora Alicia Spinello recibieron en sede del Rectorado al <strong>Jefe de Representaci\u00f3n Comercial de Rusia en Argentina, Aleksandr Perevedentsev, al experto en Asuntos Econ\u00f3micos, Andrey Fomin, y al coordinador de la Mesa de Trabajo Regional de UNICEN, Alejandro Rossi.<\/strong><\/p>\n<p>&nbsp;<\/p>\n<p><img data-recalc-dims=\"1\" loading=\"lazy\" decoding=\"async\" class=\"alignnone size-large wp-image-33637\" src=\"https:\/\/i0.wp.com\/cdnoticias.com\/wp-content\/uploads\/2021\/09\/IMG-20210920-WA0011-e1632334875305-1024x586.jpg?resize=800%2C458&#038;ssl=1\" alt=\"\" width=\"800\" height=\"458\" srcset=\"https:\/\/i0.wp.com\/cdnoticias.com\/wp-content\/uploads\/2021\/09\/IMG-20210920-WA0011-e1632334875305.jpg?resize=1024%2C586&amp;ssl=1 1024w, https:\/\/i0.wp.com\/cdnoticias.com\/wp-content\/uploads\/2021\/09\/IMG-20210920-WA0011-e1632334875305.jpg?resize=300%2C172&amp;ssl=1 300w, https:\/\/i0.wp.com\/cdnoticias.com\/wp-content\/uploads\/2021\/09\/IMG-20210920-WA0011-e1632334875305.jpg?resize=768%2C440&amp;ssl=1 768w, https:\/\/i0.wp.com\/cdnoticias.com\/wp-content\/uploads\/2021\/09\/IMG-20210920-WA0011-e1632334875305.jpg?w=1212&amp;ssl=1 1212w\" sizes=\"auto, (max-width: 800px) 100vw, 800px\" \/><\/p>\n<p>&nbsp;<\/p>\n<p>La agenda inici\u00f3 con un saludo institucional y en la ocasi\u00f3n los presentes destacaron en el lugar los lazos de <strong>vinculaci\u00f3n bilateral con la Universidad Nacional de San Petersburgo y la Fundaci\u00f3n Skolkovo<\/strong>, generados en el a\u00f1o 2017, con una misi\u00f3n que encabez\u00f3 el actual Rector Aba, acompa\u00f1ado por actores de esta Mesa de Trabajo<\/p>\n<p>&nbsp;<\/p>\n<blockquote><p>La Comitiva Rusa complet\u00f3 su agenda de encuentros previstos en su estad\u00eda por Tandil en dependencias de Instituto Pladema &#8211; Media Lab en el Campus, junto a Redimec SA en instalaciones de Parque Industrial, y en la planta de Empresa Talleres Tandil<\/p><\/blockquote>\n<p>&nbsp;<\/p>\n<p><strong>&#8220;Conocemos el potencial Acad\u00e9mico y de intercambio desde UNICEN que seguiremos explorando partiendo de esta Representaci\u00f3n Comercial junto a la Mesa de Trabajo Regional<\/strong>, y valoramos las capacidades Industriales innovadoras en las \u00e1reas producci\u00f3n y servicios de compa\u00f1\u00edas empresarias de esta Ciudad y la zona en donde se hace foco en la actividad de los Hidrocarburos, Miner\u00eda, Energ\u00eda y esencialmente, con el sector Ferroviario&#8221;, sintetiz\u00f3 al cerrar este encuentro Aleksandr Perevedentsev.<\/p>\n","protected":false},"excerpt":{"rendered":"<p>Ocurri\u00f3 d\u00edas atr\u00e1s y fueron recibidos por el rector Marcelo Aba y la vicerrectora Alicia Spinello.<\/p>\n","protected":false},"author":3,"featured_media":33638,"comment_status":"closed","ping_status":"closed","sticky":false,"template":"","format":"standard","meta":{"_jetpack_memberships_contains_paid_content":false,"footnotes":""},"categories":[5],"tags":[],"class_list":["post-33634","post","type-post","status-publish","format-standard","has-post-thumbnail","hentry","category-informacion-general"],"jetpack_featured_media_url":"https:\/\/i0.wp.com\/cdnoticias.com\/wp-content\/uploads\/2021\/09\/IMG-20210920-WA0012-e1632334797197.jpg?fit=1276%2C700&ssl=1","jetpack_sharing_enabled":true,"_links":{"self":[{"href":"https:\/\/cdnoticias.com\/index.php\/wp-json\/wp\/v2\/posts\/33634","targetHints":{"allow":["GET"]}}],"collection":[{"href":"https:\/\/cdnoticias.com\/index.php\/wp-json\/wp\/v2\/posts"}],"about":[{"href":"https:\/\/cdnoticias.com\/index.php\/wp-json\/wp\/v2\/types\/post"}],"author":[{"embeddable":true,"href":"https:\/\/cdnoticias.com\/index.php\/wp-json\/wp\/v2\/users\/3"}],"replies":[{"embeddable":true,"href":"https:\/\/cdnoticias.com\/index.php\/wp-json\/wp\/v2\/comments?post=33634"}],"version-history":[{"count":0,"href":"https:\/\/cdnoticias.com\/index.php\/wp-json\/wp\/v2\/posts\/33634\/revisions"}],"wp:featuredmedia":[{"embeddable":true,"href":"https:\/\/cdnoticias.com\/index.php\/wp-json\/wp\/v2\/media\/33638"}],"wp:attachment":[{"href":"https:\/\/cdnoticias.com\/index.php\/wp-json\/wp\/v2\/media?parent=33634"}],"wp:term":[{"taxonomy":"category","embeddable":true,"href":"https:\/\/cdnoticias.com\/index.php\/wp-json\/wp\/v2\/categories?post=33634"},{"taxonomy":"post_tag","embeddable":true,"href":"https:\/\/cdnoticias.com\/index.php\/wp-json\/wp\/v2\/tags?post=33634"}],"curies":[{"name":"wp","href":"https:\/\/api.w.org\/{rel}","templated":true}]}}