{"id":33630,"date":"2021-09-22T15:52:11","date_gmt":"2021-09-22T18:52:11","guid":{"rendered":"http:\/\/www.centraldenoticias.com.ar\/?p=33630"},"modified":"2021-09-22T15:52:11","modified_gmt":"2021-09-22T18:52:11","slug":"kreplak-si-hacemos-todo-con-cuidado-vamos-a-poder-seguir-avanzando","status":"publish","type":"post","link":"https:\/\/cdnoticias.com\/index.php\/2021\/09\/22\/kreplak-si-hacemos-todo-con-cuidado-vamos-a-poder-seguir-avanzando\/","title":{"rendered":"Kreplak: \u201cSi hacemos todo con cuidado vamos a poder seguir avanzando\u201d"},"content":{"rendered":"<div class=\"td_block_wrap tdb_single_subtitle tdi_72 td-pb-border-top td_block_template_1\" data-td-block-uid=\"tdi_72\">\n<div class=\"tdb-block-inner td-fix-index\">\n<p>El ministro de Salud bonaerense se refiri\u00f3 a la decisi\u00f3n del Gobierno nacional de que el uso del tapabocas al aire libre no sea m\u00e1s obligatorio desde el mes que viene.<\/p>\n<\/div>\n<\/div>\n<p><!--more--><\/p>\n<hr \/>\n<p>&nbsp;<\/p>\n<p>El <strong>ministro de Salud bonaerense<\/strong>, <strong>Nicol\u00e1s Kreplak<\/strong>, se <strong>refiri\u00f3<\/strong> hoy a la decisi\u00f3n del <strong>Gobierno nacional<\/strong> de que el <strong>uso del tapabocas al aire libre no sea m\u00e1s obligatorio<\/strong> a <strong>partir el 1 de octubre<\/strong> y resalt\u00f3 que <strong><em>\u201csi hacemos todo con cuidado vamos a poder seguir avanzando\u201d.<\/em><\/strong><\/p>\n<p>&nbsp;<\/p>\n<p><strong>\u201cPese a la medida<\/strong> que elimina la obligatoriedad del uso del barbijo en espacios abiertos y al aire libre, <strong>es necesario seguir cuid\u00e1ndonos.<\/strong> Esto no se hizo de un d\u00eda para el otro, sino que <strong>se decidi\u00f3 a ra\u00edz de la baja de casos\u201d<\/strong>, dijo el funcionario de Axel Kicillof por radio Provincia.<\/p>\n<p>&nbsp;<\/p>\n<p><strong>Kreplak<\/strong> record\u00f3 que <strong>\u201cen aglomeraciones al aire libre hay que continuar con el uso de barbijo\u201d<\/strong> y que \u201chay que seguir cuid\u00e1ndose\u201d.<\/p>\n<p>&nbsp;<\/p>\n<p>Sobre el <strong>panorama epidemiol\u00f3gico<\/strong>, detall\u00f3 que \u201cen la<strong> provincia ya van 17 semanas consecutivas de descenso de casos\u201d<\/strong> de coronavirus lo que \u201cnos permite tener <strong>mayores conductas de aperturas\u201d.<\/strong><\/p>\n<p>&nbsp;<\/p>\n<p>Asimismo, explic\u00f3 que <strong>\u201cla variante Delta entr\u00f3 al pa\u00eds hace casi tres meses<\/strong> y la <strong>circulaci\u00f3n es del 0,5%\u201d<\/strong>. \u201cSe hizo un trabajo muy bueno de control\u201d, afirm\u00f3. Y <strong>destac\u00f3<\/strong> tambi\u00e9n el <strong>avance del plan de inmunizaci\u00f3n.<\/strong><\/p>\n<p>&nbsp;<\/p>\n<p>Por otro lado, consultado sobre los<strong> cambios en el gabinete provincial<\/strong>, dijo que <strong>se viene<\/strong> \u201c<strong>una etapa de reconstrucci\u00f3n<\/strong> donde se ampl\u00eda la mirada y la fuerza del gobierno de la Provincia y lo mismo ha ocurrido en el gobierno nacional\u201d.<\/p>\n<p>&nbsp;<\/p>\n<p>\u201cHemos tenido un <strong>equipo de gesti\u00f3n que ha hecho cosas muy grandes e importantes.<\/strong> Pero tambi\u00e9n hay que <strong>incorporar la fuerza<\/strong> <strong>y conocimiento<\/strong> <strong>de figuras de mucho peso\u201d,<\/strong> opin\u00f3.<\/p>\n<p>&nbsp;<\/p>\n<p><em>Fuente: DIB<\/em><\/p>\n<div class=\"teads-inread sm-screen\">\n<div>\n<div class=\"teads-ui-components-adchoices\"><\/div>\n<\/div>\n<\/div>\n","protected":false},"excerpt":{"rendered":"<p>El ministro de Salud bonaerense se refiri\u00f3 a la decisi\u00f3n del Gobierno nacional de que el uso del tapabocas al<\/p>\n","protected":false},"author":6,"featured_media":33631,"comment_status":"closed","ping_status":"closed","sticky":false,"template":"","format":"standard","meta":{"_jetpack_memberships_contains_paid_content":false,"footnotes":""},"categories":[6],"tags":[],"class_list":["post-33630","post","type-post","status-publish","format-standard","has-post-thumbnail","hentry","category-nacionales"],"jetpack_featured_media_url":"https:\/\/i0.wp.com\/cdnoticias.com\/wp-content\/uploads\/2021\/09\/Nicolas-Kreplak.jpg?fit=1280%2C855&ssl=1","jetpack_sharing_enabled":true,"_links":{"self":[{"href":"https:\/\/cdnoticias.com\/index.php\/wp-json\/wp\/v2\/posts\/33630","targetHints":{"allow":["GET"]}}],"collection":[{"href":"https:\/\/cdnoticias.com\/index.php\/wp-json\/wp\/v2\/posts"}],"about":[{"href":"https:\/\/cdnoticias.com\/index.php\/wp-json\/wp\/v2\/types\/post"}],"author":[{"embeddable":true,"href":"https:\/\/cdnoticias.com\/index.php\/wp-json\/wp\/v2\/users\/6"}],"replies":[{"embeddable":true,"href":"https:\/\/cdnoticias.com\/index.php\/wp-json\/wp\/v2\/comments?post=33630"}],"version-history":[{"count":0,"href":"https:\/\/cdnoticias.com\/index.php\/wp-json\/wp\/v2\/posts\/33630\/revisions"}],"wp:featuredmedia":[{"embeddable":true,"href":"https:\/\/cdnoticias.com\/index.php\/wp-json\/wp\/v2\/media\/33631"}],"wp:attachment":[{"href":"https:\/\/cdnoticias.com\/index.php\/wp-json\/wp\/v2\/media?parent=33630"}],"wp:term":[{"taxonomy":"category","embeddable":true,"href":"https:\/\/cdnoticias.com\/index.php\/wp-json\/wp\/v2\/categories?post=33630"},{"taxonomy":"post_tag","embeddable":true,"href":"https:\/\/cdnoticias.com\/index.php\/wp-json\/wp\/v2\/tags?post=33630"}],"curies":[{"name":"wp","href":"https:\/\/api.w.org\/{rel}","templated":true}]}}