{"id":33616,"date":"2021-09-24T08:35:27","date_gmt":"2021-09-24T11:35:27","guid":{"rendered":"http:\/\/www.centraldenoticias.com.ar\/?p=33616"},"modified":"2021-09-24T08:37:30","modified_gmt":"2021-09-24T11:37:30","slug":"camila-pereyra-se-presentara-en-el-teatro-municipal","status":"publish","type":"post","link":"https:\/\/cdnoticias.com\/index.php\/2021\/09\/24\/camila-pereyra-se-presentara-en-el-teatro-municipal\/","title":{"rendered":"Camila Pereyra se presentar\u00e1 en el Teatro Municipal"},"content":{"rendered":"<p>Ser\u00e1 el pr\u00f3ximo\u00a010 de octubre a las 20:00. Las entradas ya se encuentran a la venta.\u00a0<!--more--><\/p>\n<hr \/>\n<p><strong>Camila Pereyra<\/strong> dar\u00e1 un show en el <strong>Teatro Municipal<\/strong> el pr\u00f3ximo<strong> 10 de octubre a las 20:00.<\/strong> La cantante presentar\u00e1 <strong>&#8220;A primera vista&#8221;<\/strong> tras su paso por<strong> &#8220;La Voz Argentina&#8221;.<\/strong><\/p>\n<p>&nbsp;<\/p>\n<p>La <strong>artista<\/strong> interpretar\u00e1 <strong>canciones emblem\u00e1ticas<\/strong> de todos los tiempos, en un <strong>recorrido musical<\/strong> que tendr\u00e1 como protagonista la dulzura de su voz y est\u00e1 pensado para que disfrute<strong> toda la familia.<\/strong><\/p>\n<p>&nbsp;<\/p>\n<p>La joven de <strong>19 a\u00f1os<\/strong> <strong>comenz\u00f3 con la m\u00fasica<\/strong> desde muy temprano, <strong>a los 5 a\u00f1os<\/strong>, pero no fue hasta los<strong> 8<\/strong> que entr\u00f3 al <strong>Conservatorio \u201cErnesto Mog\u00e1vero\u201d<\/strong> de la Ciudad de Olavarr\u00eda para completar su formaci\u00f3n como <strong>guitarrista.<\/strong><\/p>\n<p>&nbsp;<\/p>\n<p>En <strong>plena pandemia<\/strong> <strong>dio a conocer sus temas propios<\/strong> en las <strong>redes sociales<\/strong> y tuvo la oportunidad de participar en la <strong>Fiesta de Olavarr\u00eda del a\u00f1o 2020<\/strong>, donde interpret\u00f3 <em><strong>\u201cSi me dices\u201d<\/strong><\/em>, tema que acumula m\u00e1s de <strong>25.000<\/strong> <strong>reproducciones <\/strong>en<strong> YouTube.<\/strong><\/p>\n<p>&nbsp;<\/p>\n<p>A fines de julio de este a\u00f1o <strong>Camila se present\u00f3<\/strong> en el escenario del popular programa conducido por <strong>Marley<\/strong> con la canci\u00f3n: <strong>\u201cA primera vista\u201d<\/strong>.<a href=\"https:\/\/cdnoticias.com\/index.php\/2021\/08\/07\/camila-pereyra-gano-su-primera-batalla-en-la-voz\/\" target=\"_blank\" rel=\"noopener\"> Su audici\u00f3n le vali\u00f3 el ingreso<\/a> al <strong>reality<\/strong> y las <strong>felicitaciones<\/strong> de los autores del tema, <strong>Pedro Aznar y Chico C\u00e9sar.<\/strong><\/p>\n<p>&nbsp;<\/p>\n<p>Las <strong>entradas<\/strong> tienen un precio \u00fanico de<strong> $700<\/strong> y ya se <strong>encuentran disponibles<\/strong> en la<strong> boleter\u00eda del Teatro<\/strong> Municipal de <strong>martes a viernes de 8:00 a 12:00.<\/strong><\/p>\n<p>&nbsp;<\/p>\n<p>&nbsp;<\/p>\n<p>&nbsp;<\/p>\n","protected":false},"excerpt":{"rendered":"<p>Ser\u00e1 el pr\u00f3ximo\u00a010 de octubre a las 20:00. Las entradas ya se encuentran a la venta.\u00a0<\/p>\n","protected":false},"author":6,"featured_media":33618,"comment_status":"closed","ping_status":"closed","sticky":false,"template":"","format":"standard","meta":{"_jetpack_memberships_contains_paid_content":false,"footnotes":""},"categories":[9,1],"tags":[],"class_list":["post-33616","post","type-post","status-publish","format-standard","has-post-thumbnail","hentry","category-cultura","category-portada"],"jetpack_featured_media_url":"https:\/\/i0.wp.com\/cdnoticias.com\/wp-content\/uploads\/2021\/09\/Difusi%C3%B3n-1-horizontal-Camila-Pereyra.jpeg?fit=1275%2C1280&ssl=1","jetpack_sharing_enabled":true,"_links":{"self":[{"href":"https:\/\/cdnoticias.com\/index.php\/wp-json\/wp\/v2\/posts\/33616","targetHints":{"allow":["GET"]}}],"collection":[{"href":"https:\/\/cdnoticias.com\/index.php\/wp-json\/wp\/v2\/posts"}],"about":[{"href":"https:\/\/cdnoticias.com\/index.php\/wp-json\/wp\/v2\/types\/post"}],"author":[{"embeddable":true,"href":"https:\/\/cdnoticias.com\/index.php\/wp-json\/wp\/v2\/users\/6"}],"replies":[{"embeddable":true,"href":"https:\/\/cdnoticias.com\/index.php\/wp-json\/wp\/v2\/comments?post=33616"}],"version-history":[{"count":0,"href":"https:\/\/cdnoticias.com\/index.php\/wp-json\/wp\/v2\/posts\/33616\/revisions"}],"wp:featuredmedia":[{"embeddable":true,"href":"https:\/\/cdnoticias.com\/index.php\/wp-json\/wp\/v2\/media\/33618"}],"wp:attachment":[{"href":"https:\/\/cdnoticias.com\/index.php\/wp-json\/wp\/v2\/media?parent=33616"}],"wp:term":[{"taxonomy":"category","embeddable":true,"href":"https:\/\/cdnoticias.com\/index.php\/wp-json\/wp\/v2\/categories?post=33616"},{"taxonomy":"post_tag","embeddable":true,"href":"https:\/\/cdnoticias.com\/index.php\/wp-json\/wp\/v2\/tags?post=33616"}],"curies":[{"name":"wp","href":"https:\/\/api.w.org\/{rel}","templated":true}]}}