{"id":33599,"date":"2021-09-22T10:47:19","date_gmt":"2021-09-22T13:47:19","guid":{"rendered":"http:\/\/www.centraldenoticias.com.ar\/?p=33599"},"modified":"2021-09-22T10:47:19","modified_gmt":"2021-09-22T13:47:19","slug":"el-lunes-27-sera-feriado-para-los-empleados-y-empleadas-de-comercio","status":"publish","type":"post","link":"https:\/\/cdnoticias.com\/index.php\/2021\/09\/22\/el-lunes-27-sera-feriado-para-los-empleados-y-empleadas-de-comercio\/","title":{"rendered":"El lunes 27 ser\u00e1 feriado para los empleados y empleadas de comercio"},"content":{"rendered":"<p>El feriado del 26 de septiembre se traslada al lunes. Adem\u00e1s el CECO continua con los sorteos semanales durante el mes de septiembre. El s\u00e1bado 25 llegar\u00e1n los sorteos de 3, 2 y 1 sueldos.<!--more--><\/p>\n<hr \/>\n<p><strong>Este a\u00f1o el feriado nacional del 26 de septiembre por el D\u00eda del empleado de Comercio se trasladar\u00e1 al lunes 27 en todo el pa\u00eds.<\/strong> Como lo hace cada a\u00f1o, desde el Centro Empleados de Comercio de Olavarr\u00eda (CECO) se impulsa esta medida invitando a los vecinos de nuestra ciudad y la regi\u00f3n a <strong>realizar las compras con anticipaci\u00f3n<\/strong>.<\/p>\n<p>&nbsp;<\/p>\n<blockquote><p>Desde su implementaci\u00f3n en 2009, Olavarr\u00eda es una de las ciudades que m\u00e1s respeta el feriado nacional por el D\u00eda del Empleado de Comercio, y el CECO trabaja especialmente cada a\u00f1o para lograr su cumplimiento coordinando con trabajadores y empresarios el cierre de los comercios.<\/p><\/blockquote>\n<p>&nbsp;<\/p>\n<p><strong>Ganadores semanales<\/strong><\/p>\n<p>&nbsp;<\/p>\n<p><strong>La 14\u00aa edici\u00f3n del \u201cMes del Empleado de Comercio\u201d<\/strong> sigue trayendo premios para homenajear a lo largo de todo septiembre a todos los afiliados y afiliadas al CECO. Todos los s\u00e1bados, hasta el 25 de septiembre los mercantiles participan de sorteos gratuitos con los n\u00fameros de un bono virtual.<\/p>\n<p>&nbsp;<\/p>\n<p><strong>Adriana Griselda Petetta<\/strong>, trabajadora de Castillo Calzado fue el favorecida con el primer premio: una orden de compra por 15.000 pesos en supermercado. El segundo lugar fue para el jubilado mercantil <strong>Alfredo Oscar Bartolome<\/strong>, que gan\u00f3 una orden de compra por 8.000 pesos. <strong>Rodolfo C\u00e9sar Clair<\/strong>, trabajador de la Asociaci\u00f3n propietario Barrio Jard\u00edn fue el ganador del tercer premio con una orden de compra por 5.000 pesos.<\/p>\n<p>&nbsp;<\/p>\n<p>El pr\u00f3ximo s\u00e1bado 25 de septiembre en el<strong> sorteo nocturno de la Loter\u00eda de la Provincia de Buenos Aires<\/strong>, todos los afiliados tendr\u00e1n la posibilidad de ganarse los importantes premios de 3 sueldos, 2 sueldos y 1 sueldo. Participan de esta modalidad todos los afiliados activos y jubilados. Los sueldos sorteados corresponden a la categor\u00eda y a la antig\u00fcedad del trabajador favorecido.<\/p>\n<p>&nbsp;<\/p>\n<p>De esta manera y por 14\u00ba a\u00f1o consecutivo el Mes del Empleado de Comercio buscar\u00e1 ampliar el festejo del 26 de septiembre, y que con motivo de cumplirse un nuevo aniversario de la sanci\u00f3n de la primera ley de Contrato de Trabajo, se celebrar\u00e1 el \u201cD\u00eda del Empleado de Comercio\u201d, establecido por la Ley N\u00ba 26.541.<\/p>\n","protected":false},"excerpt":{"rendered":"<p>El feriado del 26 de septiembre se traslada al lunes. Adem\u00e1s el CECO continua con los sorteos semanales durante el<\/p>\n","protected":false},"author":4,"featured_media":33600,"comment_status":"closed","ping_status":"closed","sticky":false,"template":"","format":"standard","meta":{"_jetpack_memberships_contains_paid_content":false,"footnotes":""},"categories":[5,1],"tags":[],"class_list":["post-33599","post","type-post","status-publish","format-standard","has-post-thumbnail","hentry","category-informacion-general","category-portada"],"jetpack_featured_media_url":"https:\/\/i0.wp.com\/cdnoticias.com\/wp-content\/uploads\/2021\/09\/CECo-comercio-27-9-cerrado.jpeg?fit=1250%2C1250&ssl=1","jetpack_sharing_enabled":true,"_links":{"self":[{"href":"https:\/\/cdnoticias.com\/index.php\/wp-json\/wp\/v2\/posts\/33599","targetHints":{"allow":["GET"]}}],"collection":[{"href":"https:\/\/cdnoticias.com\/index.php\/wp-json\/wp\/v2\/posts"}],"about":[{"href":"https:\/\/cdnoticias.com\/index.php\/wp-json\/wp\/v2\/types\/post"}],"author":[{"embeddable":true,"href":"https:\/\/cdnoticias.com\/index.php\/wp-json\/wp\/v2\/users\/4"}],"replies":[{"embeddable":true,"href":"https:\/\/cdnoticias.com\/index.php\/wp-json\/wp\/v2\/comments?post=33599"}],"version-history":[{"count":0,"href":"https:\/\/cdnoticias.com\/index.php\/wp-json\/wp\/v2\/posts\/33599\/revisions"}],"wp:featuredmedia":[{"embeddable":true,"href":"https:\/\/cdnoticias.com\/index.php\/wp-json\/wp\/v2\/media\/33600"}],"wp:attachment":[{"href":"https:\/\/cdnoticias.com\/index.php\/wp-json\/wp\/v2\/media?parent=33599"}],"wp:term":[{"taxonomy":"category","embeddable":true,"href":"https:\/\/cdnoticias.com\/index.php\/wp-json\/wp\/v2\/categories?post=33599"},{"taxonomy":"post_tag","embeddable":true,"href":"https:\/\/cdnoticias.com\/index.php\/wp-json\/wp\/v2\/tags?post=33599"}],"curies":[{"name":"wp","href":"https:\/\/api.w.org\/{rel}","templated":true}]}}