{"id":33596,"date":"2021-09-22T10:21:11","date_gmt":"2021-09-22T13:21:11","guid":{"rendered":"http:\/\/www.centraldenoticias.com.ar\/?p=33596"},"modified":"2021-09-22T10:21:11","modified_gmt":"2021-09-22T13:21:11","slug":"intendentes-del-pro-analizaron-el-resultado-de-las-paso","status":"publish","type":"post","link":"https:\/\/cdnoticias.com\/index.php\/2021\/09\/22\/intendentes-del-pro-analizaron-el-resultado-de-las-paso\/","title":{"rendered":"Intendentes del Pro analizaron el resultado de las PASO"},"content":{"rendered":"<p>Fue una reuni\u00f3n en la que estuvo Ezequiel Galli y tambi\u00e9n el candidato a diputado nacional de Juntos Diego Santilli.<!--more--><\/p>\n<hr \/>\n<p><strong>Intendentes del Pro llevaron adelante un encuentro para analizar el resultado de las PASO<\/strong>. Estuvo el intendente de Olavarr\u00eda, <strong>Ezequiel Galli<\/strong>, y tambi\u00e9n particip\u00f3 el candidato ganador de la interna de Juntos, <strong>Diego Santilli<\/strong>, frente ganador de la elecci\u00f3n en la provincia.<\/p>\n<p>&nbsp;<\/p>\n<p>Asisti\u00f3 el referente del Pro, e impulsor de la candidatura de Santilli, <strong>Horacio Rodr\u00edguez Larreta<\/strong>, as\u00ed como, entre otros, los intendentes <em>H\u00e9ctor Gay, Gustavo Posse, Guillermo Montenegro, Jorge Macri, Julio Garro, N\u00e9stor Grindetti y Javier Mart\u00ednez<\/em>.<\/p>\n<p>&nbsp;<\/p>\n<blockquote class=\"twitter-tweet\">\n<p dir=\"ltr\" lang=\"es\">Encuentro con <a href=\"https:\/\/twitter.com\/horaciorlarreta?ref_src=twsrc%5Etfw\">@horaciorlarreta<\/a>, <a href=\"https:\/\/twitter.com\/diegosantilli?ref_src=twsrc%5Etfw\">@diegosantilli<\/a>, intendentes del AMBA y de ciudades cabeceras de las secciones de la Provincia, en el que analizamos el resultado de las PASO. <a href=\"https:\/\/t.co\/LStx1ieoBN\">pic.twitter.com\/LStx1ieoBN<\/a><\/p>\n<p>\u2014 Ezequiel Galli (@ezequielgalli) <a href=\"https:\/\/twitter.com\/ezequielgalli\/status\/1440508408239513600?ref_src=twsrc%5Etfw\">September 22, 2021<\/a><\/p><\/blockquote>\n<p><script async src=\"https:\/\/platform.twitter.com\/widgets.js\" charset=\"utf-8\"><\/script><\/p>\n<p>Galli dio a conocer la reuni\u00f3n en sus redes y se\u00f1al\u00f3 que <strong>participaron \u201cintendentes del AMBA y de ciudades cabeceras de las secciones de la Provincia\u201d<\/strong>.<\/p>\n<p>&nbsp;<\/p>\n<blockquote><p>Expuso que el objetivo del encuentro fue analizar el resultado electoral, as\u00ed como tambi\u00e9n que se habl\u00f3 de \u201cla situaci\u00f3n pol\u00edtica y social que atraviesa nuestro pa\u00eds\u201d.<\/p><\/blockquote>\n","protected":false},"excerpt":{"rendered":"<p>Fue una reuni\u00f3n en la que estuvo Ezequiel Galli y tambi\u00e9n el candidato a diputado nacional de Juntos Diego Santilli.<\/p>\n","protected":false},"author":4,"featured_media":33597,"comment_status":"closed","ping_status":"closed","sticky":false,"template":"","format":"standard","meta":{"_jetpack_memberships_contains_paid_content":false,"footnotes":""},"categories":[4,1],"tags":[],"class_list":["post-33596","post","type-post","status-publish","format-standard","has-post-thumbnail","hentry","category-politica","category-portada"],"jetpack_featured_media_url":"https:\/\/i0.wp.com\/cdnoticias.com\/wp-content\/uploads\/2021\/09\/Juntos-intendentes-santilli-00.jpg?fit=680%2C378&ssl=1","jetpack_sharing_enabled":true,"_links":{"self":[{"href":"https:\/\/cdnoticias.com\/index.php\/wp-json\/wp\/v2\/posts\/33596","targetHints":{"allow":["GET"]}}],"collection":[{"href":"https:\/\/cdnoticias.com\/index.php\/wp-json\/wp\/v2\/posts"}],"about":[{"href":"https:\/\/cdnoticias.com\/index.php\/wp-json\/wp\/v2\/types\/post"}],"author":[{"embeddable":true,"href":"https:\/\/cdnoticias.com\/index.php\/wp-json\/wp\/v2\/users\/4"}],"replies":[{"embeddable":true,"href":"https:\/\/cdnoticias.com\/index.php\/wp-json\/wp\/v2\/comments?post=33596"}],"version-history":[{"count":0,"href":"https:\/\/cdnoticias.com\/index.php\/wp-json\/wp\/v2\/posts\/33596\/revisions"}],"wp:featuredmedia":[{"embeddable":true,"href":"https:\/\/cdnoticias.com\/index.php\/wp-json\/wp\/v2\/media\/33597"}],"wp:attachment":[{"href":"https:\/\/cdnoticias.com\/index.php\/wp-json\/wp\/v2\/media?parent=33596"}],"wp:term":[{"taxonomy":"category","embeddable":true,"href":"https:\/\/cdnoticias.com\/index.php\/wp-json\/wp\/v2\/categories?post=33596"},{"taxonomy":"post_tag","embeddable":true,"href":"https:\/\/cdnoticias.com\/index.php\/wp-json\/wp\/v2\/tags?post=33596"}],"curies":[{"name":"wp","href":"https:\/\/api.w.org\/{rel}","templated":true}]}}