{"id":33581,"date":"2021-09-21T20:36:33","date_gmt":"2021-09-21T23:36:33","guid":{"rendered":"http:\/\/www.centraldenoticias.com.ar\/?p=33581"},"modified":"2021-09-22T09:29:35","modified_gmt":"2021-09-22T12:29:35","slug":"murio-otra-paciente-y-son-343-las-muertes-por-la-pandemia-en-olavarria","status":"publish","type":"post","link":"https:\/\/cdnoticias.com\/index.php\/2021\/09\/21\/murio-otra-paciente-y-son-343-las-muertes-por-la-pandemia-en-olavarria\/","title":{"rendered":"Muri\u00f3 otra paciente y son 343 las muertes por la pandemia en Olavarr\u00eda"},"content":{"rendered":"<p>Desde el municipio se detall\u00f3 que se trat\u00f3 de una paciente positivo de Covid19 de 75 a\u00f1os.<!--more--><\/p>\n<hr \/>\n<p>En la jornada de este martes se confirm\u00f3 la muerte de otra paciente positivo de Covid19 en el partido de Olavarr\u00eda,<strong> lo que elev\u00f3 a 343 la cifra de muertes en el Partido por la pandemia.<\/strong><\/p>\n<p>&nbsp;<\/p>\n<p>De acuerdo con lo que se detall\u00f3 desde el \u00e1rea de Salud Municipal, la muerte correspondi\u00f3 a <strong>una mujer de 75 a\u00f1os que se hallaba internada en el Hospital Municipal Doctor H\u00e9ctor Cura desde hac\u00eda 27 d\u00edas.<\/strong><\/p>\n<p>&nbsp;<\/p>\n<blockquote><p>Se a\u00f1adi\u00f3 que la mujer no se encontraba vacunada.<\/p><\/blockquote>\n<p>&nbsp;<\/p>\n<p>Vale destacar que desde hace ya algunas semanas desde el municipio se adopt\u00f3 <strong>un cambi\u00f3 en la comunicaci\u00f3n de la situaci\u00f3n sanitaria del distrito, que ahora se informa cada s\u00e1bado<\/strong>. <a href=\"https:\/\/cdnoticias.com\/index.php\/2021\/09\/18\/olavarria-cuenta-con-76-casos-activos-de-covid19\/\" target=\"_blank\" rel=\"noopener\">El \u00faltimo parte oficial dio cuenta que el Partido contaba con 76 casos activos.<\/a><\/p>\n","protected":false},"excerpt":{"rendered":"<p>Desde el municipio se detall\u00f3 que se trat\u00f3 de una paciente positivo de Covid19 de 75 a\u00f1os.<\/p>\n","protected":false},"author":3,"featured_media":33285,"comment_status":"closed","ping_status":"closed","sticky":false,"template":"","format":"standard","meta":{"_jetpack_memberships_contains_paid_content":false,"footnotes":""},"categories":[16],"tags":[],"class_list":["post-33581","post","type-post","status-publish","format-standard","has-post-thumbnail","hentry","category-covid-19"],"jetpack_featured_media_url":"https:\/\/i0.wp.com\/cdnoticias.com\/wp-content\/uploads\/2021\/09\/Screenshot_20210918-153216-8302.png?fit=720%2C376&ssl=1","jetpack_sharing_enabled":true,"_links":{"self":[{"href":"https:\/\/cdnoticias.com\/index.php\/wp-json\/wp\/v2\/posts\/33581","targetHints":{"allow":["GET"]}}],"collection":[{"href":"https:\/\/cdnoticias.com\/index.php\/wp-json\/wp\/v2\/posts"}],"about":[{"href":"https:\/\/cdnoticias.com\/index.php\/wp-json\/wp\/v2\/types\/post"}],"author":[{"embeddable":true,"href":"https:\/\/cdnoticias.com\/index.php\/wp-json\/wp\/v2\/users\/3"}],"replies":[{"embeddable":true,"href":"https:\/\/cdnoticias.com\/index.php\/wp-json\/wp\/v2\/comments?post=33581"}],"version-history":[{"count":0,"href":"https:\/\/cdnoticias.com\/index.php\/wp-json\/wp\/v2\/posts\/33581\/revisions"}],"wp:featuredmedia":[{"embeddable":true,"href":"https:\/\/cdnoticias.com\/index.php\/wp-json\/wp\/v2\/media\/33285"}],"wp:attachment":[{"href":"https:\/\/cdnoticias.com\/index.php\/wp-json\/wp\/v2\/media?parent=33581"}],"wp:term":[{"taxonomy":"category","embeddable":true,"href":"https:\/\/cdnoticias.com\/index.php\/wp-json\/wp\/v2\/categories?post=33581"},{"taxonomy":"post_tag","embeddable":true,"href":"https:\/\/cdnoticias.com\/index.php\/wp-json\/wp\/v2\/tags?post=33581"}],"curies":[{"name":"wp","href":"https:\/\/api.w.org\/{rel}","templated":true}]}}