{"id":33563,"date":"2021-09-21T17:25:53","date_gmt":"2021-09-21T20:25:53","guid":{"rendered":"http:\/\/www.centraldenoticias.com.ar\/?p=33563"},"modified":"2021-09-21T17:27:59","modified_gmt":"2021-09-21T20:27:59","slug":"provincia-invirtio-5-millones-para-renovar-aparatologia-en-el-hospital-de-oncologia","status":"publish","type":"post","link":"https:\/\/cdnoticias.com\/index.php\/2021\/09\/21\/provincia-invirtio-5-millones-para-renovar-aparatologia-en-el-hospital-de-oncologia\/","title":{"rendered":"Provincia invirti\u00f3 5 millones para renovar aparatolog\u00eda en el Hospital de Oncolog\u00eda"},"content":{"rendered":"<p>Se trata de nuevo equipamiento para el \u00e1rea de radioterapia del centro asistencial provincial, lo que se traduce en un beneficio para toda la Regi\u00f3n Sanitaria IX.<\/p>\n<p><!--more--><\/p>\n<hr \/>\n<p>El Ministerio de Salud de la provincia invirti\u00f3 <strong>5 millones de pesos para la adquisici\u00f3n de una fuente de \u201cCobalto 60\u201d que permitir\u00e1 asegurar la accesibilidad de tratamientos con radioterapia a la poblaci\u00f3n oncol\u00f3gica de la Regi\u00f3n Sanitaria IX.\u00a0<\/strong>En ese sentido, personal de INVAP, empresa Argentina referente en proyectos tecnol\u00f3gicos a nivel mundial, se encuentra realizando el recambio de la fuente instalada en el Servicio de Radioterapia del Hospital Provincial de Oncolog\u00eda \u201cLuciano Fortabat\u201d,<strong> lo que permite continuar con la atenci\u00f3n a los pacientes oncol\u00f3gicos que necesitan radioterapia.<\/strong><\/p>\n<p>&nbsp;<\/p>\n<p><img data-recalc-dims=\"1\" loading=\"lazy\" decoding=\"async\" class=\"alignnone size-large wp-image-33566\" src=\"https:\/\/i0.wp.com\/cdnoticias.com\/wp-content\/uploads\/2021\/09\/WhatsApp-Image-2021-09-21-at-16.02.03.jpeg?resize=800%2C586&#038;ssl=1\" alt=\"\" width=\"800\" height=\"586\" srcset=\"https:\/\/i0.wp.com\/cdnoticias.com\/wp-content\/uploads\/2021\/09\/WhatsApp-Image-2021-09-21-at-16.02.03.jpeg?resize=1024%2C750&amp;ssl=1 1024w, https:\/\/i0.wp.com\/cdnoticias.com\/wp-content\/uploads\/2021\/09\/WhatsApp-Image-2021-09-21-at-16.02.03.jpeg?resize=300%2C220&amp;ssl=1 300w, https:\/\/i0.wp.com\/cdnoticias.com\/wp-content\/uploads\/2021\/09\/WhatsApp-Image-2021-09-21-at-16.02.03.jpeg?resize=768%2C563&amp;ssl=1 768w, https:\/\/i0.wp.com\/cdnoticias.com\/wp-content\/uploads\/2021\/09\/WhatsApp-Image-2021-09-21-at-16.02.03.jpeg?w=1280&amp;ssl=1 1280w\" sizes=\"auto, (max-width: 800px) 100vw, 800px\" \/><\/p>\n<p>&nbsp;<\/p>\n<p>Cabe remarcar que<strong> el \u00faltimo recambio de la fuente de cobalto fue en el a\u00f1o 2013<\/strong>. Fue precisamente ante esa situaci\u00f3n que los directores del Hospital, Silvina Rosende y Mario Diaz, iniciaron los tr\u00e1mites para el recambio. \u201cM\u00e1s all\u00e1 de la tecnolog\u00eda que se maneja, la capacidad del recurso humano es lo que determina el mejor curso del tratamiento para un paciente. El Servicio de Radioterapia del Hospital Provincial cuenta con personal extremadamente capacitado y humano, integrado por profesionales como radioterapeuta, f\u00edsico m\u00e9dico, dosimetrista, t\u00e9cnicos especializados en el manejo del equipo, radi\u00f3logas y personal de maestranza\u201d, remarcaron los doctores Silvina Rosende y Mario D\u00edaz.<\/p>\n<p>&nbsp;<\/p>\n<p><img data-recalc-dims=\"1\" loading=\"lazy\" decoding=\"async\" class=\"alignnone size-large wp-image-33565\" src=\"https:\/\/i0.wp.com\/cdnoticias.com\/wp-content\/uploads\/2021\/09\/WhatsApp-Image-2021-09-21-at-16.02.02.jpeg?resize=800%2C530&#038;ssl=1\" alt=\"\" width=\"800\" height=\"530\" srcset=\"https:\/\/i0.wp.com\/cdnoticias.com\/wp-content\/uploads\/2021\/09\/WhatsApp-Image-2021-09-21-at-16.02.02.jpeg?resize=1024%2C678&amp;ssl=1 1024w, https:\/\/i0.wp.com\/cdnoticias.com\/wp-content\/uploads\/2021\/09\/WhatsApp-Image-2021-09-21-at-16.02.02.jpeg?resize=300%2C199&amp;ssl=1 300w, https:\/\/i0.wp.com\/cdnoticias.com\/wp-content\/uploads\/2021\/09\/WhatsApp-Image-2021-09-21-at-16.02.02.jpeg?resize=768%2C508&amp;ssl=1 768w, https:\/\/i0.wp.com\/cdnoticias.com\/wp-content\/uploads\/2021\/09\/WhatsApp-Image-2021-09-21-at-16.02.02.jpeg?w=1280&amp;ssl=1 1280w\" sizes=\"auto, (max-width: 800px) 100vw, 800px\" \/><\/p>\n<p>&nbsp;<\/p>\n<p>De esta manera, seg\u00fan se enfatiz\u00f3, &#8220;el Hospital Provincial de Oncolog\u00eda contin\u00faa trabajando por un acceso p\u00fablico, equitativo, con calidad y calidez humana para toda la poblaci\u00f3n&#8221;. Los directivos\u00a0 destacaron que <strong>\u201ccada paciente m<\/strong><strong>erece el mejor tratamiento posible, ya sea que su condici\u00f3n permita paliaci\u00f3n, control tumoral a largo plazo o cura\u201d.<\/strong><\/p>\n<p>&nbsp;<\/p>\n<p><img data-recalc-dims=\"1\" loading=\"lazy\" decoding=\"async\" class=\"alignnone size-large wp-image-33564\" src=\"https:\/\/i0.wp.com\/cdnoticias.com\/wp-content\/uploads\/2021\/09\/WhatsApp-Image-2021-09-21-at-16.02.01.jpeg?resize=800%2C600&#038;ssl=1\" alt=\"\" width=\"800\" height=\"600\" srcset=\"https:\/\/i0.wp.com\/cdnoticias.com\/wp-content\/uploads\/2021\/09\/WhatsApp-Image-2021-09-21-at-16.02.01.jpeg?resize=1024%2C768&amp;ssl=1 1024w, https:\/\/i0.wp.com\/cdnoticias.com\/wp-content\/uploads\/2021\/09\/WhatsApp-Image-2021-09-21-at-16.02.01.jpeg?resize=300%2C225&amp;ssl=1 300w, https:\/\/i0.wp.com\/cdnoticias.com\/wp-content\/uploads\/2021\/09\/WhatsApp-Image-2021-09-21-at-16.02.01.jpeg?resize=768%2C576&amp;ssl=1 768w, https:\/\/i0.wp.com\/cdnoticias.com\/wp-content\/uploads\/2021\/09\/WhatsApp-Image-2021-09-21-at-16.02.01.jpeg?w=1600&amp;ssl=1 1600w\" sizes=\"auto, (max-width: 800px) 100vw, 800px\" \/><\/p>\n<p>&nbsp;<\/p>\n<p>En ese sentido, adem\u00e1s de la bomba de cobalto necesaria para los pacientes oncol\u00f3gicos, el Hospital posee un Dermopan, un equipo de radioterapia superficial que se utiliza para patolog\u00edas benignas de la piel.<strong> El Servicio de Radioterapia del Hospital funciona desde 1969, brindando atenci\u00f3n con sus equipos de cobaltoterapia no solo a los pacientes de Olavarr\u00eda sino tambi\u00e9n a los del centro de la provincia de Buenos Aires, ya que estos siguen vigentes como soluci\u00f3n a numerosas patolog\u00edas que afectan a un\u00a0 gran sector de la poblaci\u00f3n.<\/strong><\/p>\n","protected":false},"excerpt":{"rendered":"<p>Se trata de nuevo equipamiento para el \u00e1rea de radioterapia del centro asistencial provincial, lo que se traduce en un<\/p>\n","protected":false},"author":3,"featured_media":33567,"comment_status":"closed","ping_status":"closed","sticky":false,"template":"","format":"standard","meta":{"_jetpack_memberships_contains_paid_content":false,"footnotes":""},"categories":[5,1],"tags":[],"class_list":["post-33563","post","type-post","status-publish","format-standard","has-post-thumbnail","hentry","category-informacion-general","category-portada"],"jetpack_featured_media_url":"https:\/\/i0.wp.com\/cdnoticias.com\/wp-content\/uploads\/2021\/09\/WhatsApp-Image-2021-09-21-at-16.02.04.jpeg?fit=1280%2C847&ssl=1","jetpack_sharing_enabled":true,"_links":{"self":[{"href":"https:\/\/cdnoticias.com\/index.php\/wp-json\/wp\/v2\/posts\/33563","targetHints":{"allow":["GET"]}}],"collection":[{"href":"https:\/\/cdnoticias.com\/index.php\/wp-json\/wp\/v2\/posts"}],"about":[{"href":"https:\/\/cdnoticias.com\/index.php\/wp-json\/wp\/v2\/types\/post"}],"author":[{"embeddable":true,"href":"https:\/\/cdnoticias.com\/index.php\/wp-json\/wp\/v2\/users\/3"}],"replies":[{"embeddable":true,"href":"https:\/\/cdnoticias.com\/index.php\/wp-json\/wp\/v2\/comments?post=33563"}],"version-history":[{"count":0,"href":"https:\/\/cdnoticias.com\/index.php\/wp-json\/wp\/v2\/posts\/33563\/revisions"}],"wp:featuredmedia":[{"embeddable":true,"href":"https:\/\/cdnoticias.com\/index.php\/wp-json\/wp\/v2\/media\/33567"}],"wp:attachment":[{"href":"https:\/\/cdnoticias.com\/index.php\/wp-json\/wp\/v2\/media?parent=33563"}],"wp:term":[{"taxonomy":"category","embeddable":true,"href":"https:\/\/cdnoticias.com\/index.php\/wp-json\/wp\/v2\/categories?post=33563"},{"taxonomy":"post_tag","embeddable":true,"href":"https:\/\/cdnoticias.com\/index.php\/wp-json\/wp\/v2\/tags?post=33563"}],"curies":[{"name":"wp","href":"https:\/\/api.w.org\/{rel}","templated":true}]}}