{"id":33479,"date":"2021-09-21T18:36:43","date_gmt":"2021-09-21T21:36:43","guid":{"rendered":"http:\/\/www.centraldenoticias.com.ar\/?p=33479"},"modified":"2021-09-21T20:37:10","modified_gmt":"2021-09-21T23:37:10","slug":"hcd-en-comision-se-trato-la-propuesta-de-habilitar-publicidad-en-los-colectivos","status":"publish","type":"post","link":"https:\/\/cdnoticias.com\/index.php\/2021\/09\/21\/hcd-en-comision-se-trato-la-propuesta-de-habilitar-publicidad-en-los-colectivos\/","title":{"rendered":"HCD: en comisi\u00f3n se trat\u00f3 la propuesta de habilitar publicidad en los colectivos"},"content":{"rendered":"<p>Fue este martes en Legislaci\u00f3n. Juntos intent\u00f3 que llegue a debatirse en sesi\u00f3n, pero el Frente de Todos impuls\u00f3 consultas al Ejecutivo y a la empresa urbana.<!--more--><\/p>\n<hr \/>\n<p><strong>El Concejo Deliberante mantiene en estudio un proyecto del oficialismo para habilitar la publicidad en los colectivos del transporte p\u00fablico urbano e interurbano<\/strong>.<\/p>\n<p>&nbsp;<\/p>\n<p>Este martes, <strong>en la comisi\u00f3n de Legislaci\u00f3n, Juntos intent\u00f3 que llegue a debatirse en la pr\u00f3xima sesi\u00f3n<\/strong> a realizarse este jueves, pero <strong>el Frente de Todos impuls\u00f3 consultas al Ejecutivo y a la empresa del transporte urbano<\/strong>, as\u00ed como tambi\u00e9n busc\u00f3 llegar a m\u00e1s organismos con consultas.<\/p>\n<p>&nbsp;<\/p>\n<blockquote><p>Entre varios aspectos planteados, uno de los ejes centrales de la discusi\u00f3n se ubica en el tipo de publicidades que se podr\u00e1n hacer y el rol que el Municipio tendr\u00e1 en ello.<\/p><\/blockquote>\n<p>&nbsp;<\/p>\n<p><strong>El tema sigue en estudio en Legislaci\u00f3n<\/strong> y no estar\u00e1 en debate el jueves.<\/p>\n<p>&nbsp;<\/p>\n<p><img data-recalc-dims=\"1\" loading=\"lazy\" decoding=\"async\" class=\"size-large wp-image-16173 aligncenter\" src=\"https:\/\/i0.wp.com\/cdnoticias.com\/wp-content\/uploads\/2021\/03\/HCD-FDT.jpg?resize=800%2C445&#038;ssl=1\" alt=\"\" width=\"800\" height=\"445\" srcset=\"https:\/\/i0.wp.com\/cdnoticias.com\/wp-content\/uploads\/2021\/03\/HCD-FDT.jpg?resize=1024%2C569&amp;ssl=1 1024w, https:\/\/i0.wp.com\/cdnoticias.com\/wp-content\/uploads\/2021\/03\/HCD-FDT.jpg?resize=300%2C167&amp;ssl=1 300w, https:\/\/i0.wp.com\/cdnoticias.com\/wp-content\/uploads\/2021\/03\/HCD-FDT.jpg?resize=768%2C427&amp;ssl=1 768w, https:\/\/i0.wp.com\/cdnoticias.com\/wp-content\/uploads\/2021\/03\/HCD-FDT.jpg?resize=800%2C445&amp;ssl=1 800w, https:\/\/i0.wp.com\/cdnoticias.com\/wp-content\/uploads\/2021\/03\/HCD-FDT.jpg?w=1027&amp;ssl=1 1027w\" sizes=\"auto, (max-width: 800px) 100vw, 800px\" \/><\/p>\n<p>&nbsp;<\/p>\n<p><strong>Las consultas<\/strong><\/p>\n<p>&nbsp;<\/p>\n<p><strong>Central de Noticias<\/strong> accedi\u00f3 a algunas de las <strong>consultas que expuso el Frente de Todos<\/strong> en el debate de este martes por la ma\u00f1ana y que, se espera, comiencen a responderse en la pr\u00f3xima reuni\u00f3n de comisi\u00f3n.<\/p>\n<p>&nbsp;<\/p>\n<p>Uno de los puntos planteados fue <strong>la invitaci\u00f3n al titular de la conesionaria TuBus<\/strong> para dialogar sobre <em>\u201cel impacto econ\u00f3mico potencial que la normativa propiciada generar\u00eda en la rentabilidad econ\u00f3mica de la empresa\u201d<\/em>.<\/p>\n<p>&nbsp;<\/p>\n<p>Tambi\u00e9n se pidi\u00f3 que <strong>\u201cal menos tres empresas de publicidad o de venta de espacios de publicidad\u201d brinden informaci\u00f3n<\/strong> a la comisi\u00f3n para que \u201cdimensionen el impacto econ\u00f3mico que la medida propuesta generar\u00eda\u201d. Tambi\u00e9n se propuso invitarlos a exponer en la comisi\u00f3n.<\/p>\n<p>&nbsp;<\/p>\n<p><img data-recalc-dims=\"1\" loading=\"lazy\" decoding=\"async\" class=\"size-full wp-image-33519 aligncenter\" src=\"https:\/\/i0.wp.com\/cdnoticias.com\/wp-content\/uploads\/2021\/09\/tu-bus-transporte-01.jpg?resize=800%2C445&#038;ssl=1\" alt=\"\" width=\"800\" height=\"445\" srcset=\"https:\/\/i0.wp.com\/cdnoticias.com\/wp-content\/uploads\/2021\/09\/tu-bus-transporte-01.jpg?w=800&amp;ssl=1 800w, https:\/\/i0.wp.com\/cdnoticias.com\/wp-content\/uploads\/2021\/09\/tu-bus-transporte-01.jpg?resize=300%2C167&amp;ssl=1 300w, https:\/\/i0.wp.com\/cdnoticias.com\/wp-content\/uploads\/2021\/09\/tu-bus-transporte-01.jpg?resize=768%2C427&amp;ssl=1 768w\" sizes=\"auto, (max-width: 800px) 100vw, 800px\" \/><\/p>\n<p>&nbsp;<\/p>\n<p>Asimismo, se pidi\u00f3 que el Ejecutivo<strong> \u201cdetalle qu\u00e9 caracter\u00edsticas tendr\u00e1n las publicidades de concientizaci\u00f3n y prevenci\u00f3n que realizar\u00e1 el Municipio\u201d<\/strong> y que se \u201cinforme qu\u00e9 tipo de publicidad podr\u00e1n hacer los privados\u201d.<\/p>\n<p>&nbsp;<\/p>\n<p>Asimismo,<strong> se busc\u00f3 que intervengan la Secretar\u00eda de Transporte de la Provincia de Buenos Aires y el sindicato UTA<\/strong> con opiniones sobre el tema.<\/p>\n<p>&nbsp;<\/p>\n<p>En este sentido, adem\u00e1s se solicit\u00f3<strong> que el Ejecutivo municipal entregue documentaci\u00f3n<\/strong> sobre \u201cla informaci\u00f3n societaria y contable de la empresa Tubus, todav\u00eda pendiente desde la adjudicaci\u00f3n del servicio\u201d; tambi\u00e9n <strong>que se indique \u201cqu\u00e9 monto esperan reacaudar\u201d<\/strong> mediante el sistema de publicidades en los micros y las inversiones a las que se destinar\u00e1n los ingresos.<\/p>\n","protected":false},"excerpt":{"rendered":"<p>Fue este martes en Legislaci\u00f3n. Juntos intent\u00f3 que llegue a debatirse en sesi\u00f3n, pero el Frente de Todos impuls\u00f3 consultas<\/p>\n","protected":false},"author":4,"featured_media":33520,"comment_status":"closed","ping_status":"closed","sticky":false,"template":"","format":"standard","meta":{"_jetpack_memberships_contains_paid_content":false,"footnotes":""},"categories":[5,1],"tags":[],"class_list":["post-33479","post","type-post","status-publish","format-standard","has-post-thumbnail","hentry","category-informacion-general","category-portada"],"jetpack_featured_media_url":"https:\/\/i0.wp.com\/cdnoticias.com\/wp-content\/uploads\/2021\/09\/tu-bus-transporte-00.jpg?fit=800%2C445&ssl=1","jetpack_sharing_enabled":true,"_links":{"self":[{"href":"https:\/\/cdnoticias.com\/index.php\/wp-json\/wp\/v2\/posts\/33479","targetHints":{"allow":["GET"]}}],"collection":[{"href":"https:\/\/cdnoticias.com\/index.php\/wp-json\/wp\/v2\/posts"}],"about":[{"href":"https:\/\/cdnoticias.com\/index.php\/wp-json\/wp\/v2\/types\/post"}],"author":[{"embeddable":true,"href":"https:\/\/cdnoticias.com\/index.php\/wp-json\/wp\/v2\/users\/4"}],"replies":[{"embeddable":true,"href":"https:\/\/cdnoticias.com\/index.php\/wp-json\/wp\/v2\/comments?post=33479"}],"version-history":[{"count":0,"href":"https:\/\/cdnoticias.com\/index.php\/wp-json\/wp\/v2\/posts\/33479\/revisions"}],"wp:featuredmedia":[{"embeddable":true,"href":"https:\/\/cdnoticias.com\/index.php\/wp-json\/wp\/v2\/media\/33520"}],"wp:attachment":[{"href":"https:\/\/cdnoticias.com\/index.php\/wp-json\/wp\/v2\/media?parent=33479"}],"wp:term":[{"taxonomy":"category","embeddable":true,"href":"https:\/\/cdnoticias.com\/index.php\/wp-json\/wp\/v2\/categories?post=33479"},{"taxonomy":"post_tag","embeddable":true,"href":"https:\/\/cdnoticias.com\/index.php\/wp-json\/wp\/v2\/tags?post=33479"}],"curies":[{"name":"wp","href":"https:\/\/api.w.org\/{rel}","templated":true}]}}