{"id":33467,"date":"2021-09-22T12:14:06","date_gmt":"2021-09-22T15:14:06","guid":{"rendered":"http:\/\/www.centraldenoticias.com.ar\/?p=33467"},"modified":"2021-09-22T12:14:06","modified_gmt":"2021-09-22T15:14:06","slug":"las-exportaciones-bonaerenses-fueron-record-en-julio","status":"publish","type":"post","link":"https:\/\/cdnoticias.com\/index.php\/2021\/09\/22\/las-exportaciones-bonaerenses-fueron-record-en-julio\/","title":{"rendered":"Las exportaciones bonaerenses fueron r\u00e9cord en julio"},"content":{"rendered":"<p>Desde Provincia informaron que hubo \u201cventas por $US 2.832 millones\u201d. Adem\u00e1s detallaron que las acumuladas en los primeros meses del a\u00f1o son las mejores en ocho a\u00f1os.<!--more--><\/p>\n<hr \/>\n<p><strong>El Ministerio de Hacienda y Finanzas provincial inform\u00f3 que las exportaciones registraron el mejor julio desde el a\u00f1o 2010 con \u201cventas por $US 2.832 millones\u201d<\/strong>, lo que representa <strong>\u201cun incremento del 58,6% respecto al mismo mes de 2020\u201d<\/strong>.<\/p>\n<p>&nbsp;<\/p>\n<blockquote><p>\u201cEl Ministerio de Hacienda y Finanzas informa que las exportaciones de la provincia de Buenos Aires registraron el mejor julio del que se tiene registro en la Provincia\u201d, inform\u00f3 el gobierno de Axel Kicillof a trav\u00e9s de un comunicado.<\/p><\/blockquote>\n<p>&nbsp;<\/p>\n<p>La cartera econ\u00f3mica se\u00f1al\u00f3 tambi\u00e9n que \u201cen el acumulado de los siete meses del a\u00f1o, las ventas al exterior alcanzaron los $US 15.055 millones, lo que representa <strong>el mejor acumulado a julio de los \u00faltimos 8 a\u00f1os<\/strong>\u201d.<\/p>\n<p>&nbsp;<\/p>\n<blockquote class=\"twitter-tweet\">\n<p dir=\"ltr\" lang=\"es\">\ud83d\udcc8La Provincia bati\u00f3 un r\u00e9cord hist\u00f3rico de exportaciones.<\/p>\n<p>\ud83c\udf0eDurante el mes de julio, se registraron ventas externas por USD 2.832 millones de d\u00f3lares, siendo el mejor resultado mensual desde que se tiene registro en la Provincia.<\/p>\n<p>Acced\u00e9 al Informe: <a href=\"https:\/\/t.co\/Fwq0GSYBCD\">https:\/\/t.co\/Fwq0GSYBCD<\/a> <a href=\"https:\/\/t.co\/rEBoXWfd4C\">pic.twitter.com\/rEBoXWfd4C<\/a><\/p>\n<p>\u2014 Pablo J. L\u00f3pez (@PabloJ_LopezOK) <a href=\"https:\/\/twitter.com\/PabloJ_LopezOK\/status\/1439982763415908364?ref_src=twsrc%5Etfw\">September 20, 2021<\/a><\/p><\/blockquote>\n<p><script async src=\"https:\/\/platform.twitter.com\/widgets.js\" charset=\"utf-8\"><\/script><\/p>\n<p>\u201cEl <a href=\"https:\/\/cdnoticias.com\/index.php\/2021\/07\/27\/las-exportaciones-provinciales-registraron-un-crecimiento-interanual-del-50\/\" target=\"_blank\" rel=\"noopener\">crecimiento interanual constante de las exportaciones de la Provincia<\/a> es <strong>un indicio de la recuperaci\u00f3n econ\u00f3mica<\/strong>. En la comparaci\u00f3n del acumulado enero-julio de 2021-2020 vemos una recuperaci\u00f3n del 31,5%, y si se comparan los primeros siete meses de 2021 con el mismo periodo de 2019, la suba es del 16%\u201d, indic\u00f3 el ministro de Hacienda y Finanzas, Pablo L\u00f3pez.<\/p>\n<p>&nbsp;<\/p>\n<blockquote><p>Y agreg\u00f3: \u201cEsta reactivaci\u00f3n s\u00f3lo es posible a trav\u00e9s de un Estado presente que contin\u00faa avanzando en pol\u00edticas concretas para construir la Provincia que queremos\u201d.<\/p><\/blockquote>\n<p>&nbsp;<\/p>\n<p>El informe de Exportaciones Provinciales que realiza la Direcci\u00f3n Provincial de Estad\u00edstica del Ministerio de Hacienda y Finanzas mostr\u00f3 que <strong>las subas interanuales de julio fueron impulsadas principalmente por \u201cProductos Primarios\u201d<\/strong>, con ventas por $US 937 millones, con una suba del 135,1%; \u201cManufacturas de Origen Industrial\u201d, con ventas por $US 917 millones y un incremento del 68,9%; \u201cManufacturas de Origen Agropecuario\u201d, con ventas por $US 806 millones que representan un incremento del 14,6%, y \u201cCombustibles y Energ\u00eda\u201d con ventas por $US 172 millones, y un incremento del 22%.<\/p>\n<p>&nbsp;<\/p>\n<p><img data-recalc-dims=\"1\" loading=\"lazy\" decoding=\"async\" class=\"size-large wp-image-33469 aligncenter\" src=\"https:\/\/i0.wp.com\/cdnoticias.com\/wp-content\/uploads\/2021\/09\/exportaciones-provincia.jpg?resize=800%2C447&#038;ssl=1\" alt=\"\" width=\"800\" height=\"447\" srcset=\"https:\/\/i0.wp.com\/cdnoticias.com\/wp-content\/uploads\/2021\/09\/exportaciones-provincia.jpg?resize=1024%2C572&amp;ssl=1 1024w, https:\/\/i0.wp.com\/cdnoticias.com\/wp-content\/uploads\/2021\/09\/exportaciones-provincia.jpg?resize=300%2C167&amp;ssl=1 300w, https:\/\/i0.wp.com\/cdnoticias.com\/wp-content\/uploads\/2021\/09\/exportaciones-provincia.jpg?resize=768%2C429&amp;ssl=1 768w, https:\/\/i0.wp.com\/cdnoticias.com\/wp-content\/uploads\/2021\/09\/exportaciones-provincia.jpg?w=1600&amp;ssl=1 1600w, https:\/\/i0.wp.com\/cdnoticias.com\/wp-content\/uploads\/2021\/09\/exportaciones-provincia.jpg?w=2400&amp;ssl=1 2400w\" sizes=\"auto, (max-width: 800px) 100vw, 800px\" \/><\/p>\n<p>&nbsp;<\/p>\n<p>\u201cLos principales productos que se destacan dentro de cada rubro en el valor acumulado durante los primeros siete meses del a\u00f1o, son los <strong>\u2018Cereales\u2019 (\u2018Producto Primarios\u2019)<\/strong>, con ventas por $US 2.883 millones; el \u2018Material de transporte terrestre\u2019 (\u2018Manufacturas de Origen Industrial\u2019), con ventas por $US 2.565 millones; y \u2018Residuos y desperdicios de la industria alimenticia\u2019 (\u2018Manufacturas de Origen Agropecuario\u2019) con ventas por $US 1.959 millones\u201d, sostiene el comunicado.<\/p>\n<p>&nbsp;<\/p>\n<blockquote><p>La administraci\u00f3n bonaerense, tambi\u00e9n detall\u00f3 que del informe tambi\u00e9n se desprende que la Provincia profundiz\u00f3 su participaci\u00f3n en las exportaciones nacionales al alcanzar el 39,1% del total de las ventas externas del pa\u00eds. Adem\u00e1s, fue la principal exportadora de \u201cManufacturas de Origen Industrial\u201d a nivel nacional, con el 48,4%.<\/p><\/blockquote>\n<p>&nbsp;<\/p>\n<p><strong>En cuanto a los principales pa\u00edses de destino de las ventas externas en julio se destacan Brasil<\/strong> (que represent\u00f3 el 24,4% de las exportaciones provinciales con un monto de $US 692 millones); Chile y China, con el 6,5% del total exportado (ambos con $US 185 millones); y Per\u00fa con ventas por $US 84 millones, lo que represent\u00f3 un incremento interanual de las exportaciones a ese pa\u00eds del 278,8%.<\/p>\n<p>&nbsp;<\/p>\n<p>Fuente: <em>Agencia DIB<\/em><\/p>\n","protected":false},"excerpt":{"rendered":"<p>Desde Provincia informaron que hubo \u201cventas por $US 2.832 millones\u201d. Adem\u00e1s detallaron que las acumuladas en los primeros meses del<\/p>\n","protected":false},"author":4,"featured_media":33468,"comment_status":"closed","ping_status":"closed","sticky":false,"template":"","format":"standard","meta":{"_jetpack_memberships_contains_paid_content":false,"footnotes":""},"categories":[6],"tags":[],"class_list":["post-33467","post","type-post","status-publish","format-standard","has-post-thumbnail","hentry","category-nacionales"],"jetpack_featured_media_url":"https:\/\/i0.wp.com\/cdnoticias.com\/wp-content\/uploads\/2021\/09\/DIB-exportaciones-bgatnet-696x505.jpg?fit=696%2C505&ssl=1","jetpack_sharing_enabled":true,"_links":{"self":[{"href":"https:\/\/cdnoticias.com\/index.php\/wp-json\/wp\/v2\/posts\/33467","targetHints":{"allow":["GET"]}}],"collection":[{"href":"https:\/\/cdnoticias.com\/index.php\/wp-json\/wp\/v2\/posts"}],"about":[{"href":"https:\/\/cdnoticias.com\/index.php\/wp-json\/wp\/v2\/types\/post"}],"author":[{"embeddable":true,"href":"https:\/\/cdnoticias.com\/index.php\/wp-json\/wp\/v2\/users\/4"}],"replies":[{"embeddable":true,"href":"https:\/\/cdnoticias.com\/index.php\/wp-json\/wp\/v2\/comments?post=33467"}],"version-history":[{"count":0,"href":"https:\/\/cdnoticias.com\/index.php\/wp-json\/wp\/v2\/posts\/33467\/revisions"}],"wp:featuredmedia":[{"embeddable":true,"href":"https:\/\/cdnoticias.com\/index.php\/wp-json\/wp\/v2\/media\/33468"}],"wp:attachment":[{"href":"https:\/\/cdnoticias.com\/index.php\/wp-json\/wp\/v2\/media?parent=33467"}],"wp:term":[{"taxonomy":"category","embeddable":true,"href":"https:\/\/cdnoticias.com\/index.php\/wp-json\/wp\/v2\/categories?post=33467"},{"taxonomy":"post_tag","embeddable":true,"href":"https:\/\/cdnoticias.com\/index.php\/wp-json\/wp\/v2\/tags?post=33467"}],"curies":[{"name":"wp","href":"https:\/\/api.w.org\/{rel}","templated":true}]}}