{"id":33451,"date":"2021-09-20T20:01:54","date_gmt":"2021-09-20T23:01:54","guid":{"rendered":"http:\/\/www.centraldenoticias.com.ar\/?p=33451"},"modified":"2021-09-21T08:34:23","modified_gmt":"2021-09-21T11:34:23","slug":"indio-en-olavarria-el-juicio-oral-ya-tiene-fecha","status":"publish","type":"post","link":"https:\/\/cdnoticias.com\/index.php\/2021\/09\/20\/indio-en-olavarria-el-juicio-oral-ya-tiene-fecha\/","title":{"rendered":"Indio en Olavarr\u00eda: el juicio oral ya tiene fecha"},"content":{"rendered":"<p>La causa judicial por las muertes durante el recital en La Colmena llegar\u00e1 a debate a inicios del pr\u00f3ximo a\u00f1o. Todos los detalles.<!--more--><\/p>\n<hr \/>\n<p><strong>Es sin dudas uno de los hechos que marc\u00f3 la historia reciente de nuestra ciudad.<\/strong> El recital del Indio Solari y los Fundamentalistas del Aire Acondicionado qued\u00f3 registrado en la retina no s\u00f3lo de todos los olavarrienses, sino de miles y miles de argentinos y no necesariamente de aquellos que durante varias horas, tanto antes como despu\u00e9s del show, coparon las calles de la ciudad sino de quienes de una manera u otra segu\u00edan las alternativas que desde aqu\u00ed se generaban.<\/p>\n<p>&nbsp;<\/p>\n<p>La novedad ahora, seg\u00fan logr\u00f3 conocer <em><strong>Central de Noticias<\/strong><\/em>, es que<strong> la causa judicial por las dos muertes en el marco del recital que se llev\u00f3 adelante en el predio La Colmena tiene su fecha de realizaci\u00f3n<\/strong>, con el dato para nada menor que<strong> las audiencias tambi\u00e9n tendr\u00e1n como escenario la ciudad de Olavarr\u00eda<\/strong>, m\u00e1s precisamente el recinto del<a href=\"https:\/\/cdnoticias.com\/index.php\/2021\/02\/15\/la-causa-judicial-por-las-muertes-en-el-recital-del-indio-solari-ya-se-encuentra-en-el-juzgado-correccional-local\/\" target=\"_blank\" rel=\"noopener\"> Juzgado local en lo Correccional, de la doctora Cecilia Desiata.<\/a><\/p>\n<p>&nbsp;<\/p>\n<figure id=\"attachment_8016\" aria-describedby=\"caption-attachment-8016\" style=\"width: 948px\" class=\"wp-caption alignnone\"><img data-recalc-dims=\"1\" loading=\"lazy\" decoding=\"async\" class=\"size-full wp-image-8016\" src=\"https:\/\/i0.wp.com\/cdnoticias.com\/wp-content\/uploads\/2020\/12\/1606944511.jpeg?resize=800%2C450&#038;ssl=1\" alt=\"\" width=\"800\" height=\"450\" srcset=\"https:\/\/i0.wp.com\/cdnoticias.com\/wp-content\/uploads\/2020\/12\/1606944511.jpeg?w=948&amp;ssl=1 948w, https:\/\/i0.wp.com\/cdnoticias.com\/wp-content\/uploads\/2020\/12\/1606944511.jpeg?resize=300%2C169&amp;ssl=1 300w, https:\/\/i0.wp.com\/cdnoticias.com\/wp-content\/uploads\/2020\/12\/1606944511.jpeg?resize=768%2C432&amp;ssl=1 768w\" sizes=\"auto, (max-width: 800px) 100vw, 800px\" \/><figcaption id=\"caption-attachment-8016\" class=\"wp-caption-text\">Foto Nacho Correa \/Diario El Tiempo de Azul<\/figcaption><\/figure>\n<p>&nbsp;<\/p>\n<p><strong><a href=\"https:\/\/cdnoticias.com\/index.php\/2021\/03\/11\/a-4-anos-del-recital-del-indio-duele-demasiado-pasa-el-tiempo-y-duele-mas\/\" target=\"_blank\" rel=\"noopener\">Juan Bulacio y Javier De Le\u00f3n<\/a> fueron las dos v\u00edctimas fatales en el marco del show que se llev\u00f3 a cabo el pasado 11 de marzo del 2017<\/strong>. Pese a los continuos planteos llevados adelante desde la fiscal\u00eda, tanto por el doctor Ignacio Calonje como el Fiscal General Marcelo Sobrino posteriormente, la causa qued\u00f3 tipificada, por un lado, como <strong>\u201chomicidio culposo -dos hechos-\u201d<\/strong>. La intenci\u00f3n de la parte acusatoria, en algo que seguramente ocupara varios momentos del debate, era que los hechos fueran entendidos como un estrago, hermanando en cierto punto con lo sucedido en Croma\u00f1on en el recital de Callejeros.<\/p>\n<p>&nbsp;<\/p>\n<p>Sin embargo ese planteo jam\u00e1s prosper\u00f3 en la etapa preparatoria, tanto en el Juzgado de Garant\u00edas de nuestra ciudad como en la C\u00e1mara de Apelaciones del Departamento Judicial de Azul e inclusive el <a href=\"https:\/\/cdnoticias.com\/index.php\/2020\/12\/02\/casacion-confirmo-la-elevacion-a-juicio-de-la-causa-por-el-recital-del-indio-en-olavarria\/\" target=\"_blank\" rel=\"noopener\">Tribunal de Casaci\u00f3n Penal<\/a>, es decir el m\u00e1ximo Tribunal de Alzada bonaerense. Vale dar cuenta que la <strong>figura penal que da encuadre a la acusaci\u00f3n tambi\u00e9n comprende de 8 casos de \u201clesiones culposas\u201d<\/strong>, vinculado con ese n\u00famero de personas que resultaron con diversas heridas tambi\u00e9n en el marco del show llevado a cabo sobre el predio situado en el extremo sur del casco urbano local.<\/p>\n<p>&nbsp;<\/p>\n<figure id=\"attachment_8015\" aria-describedby=\"caption-attachment-8015\" style=\"width: 800px\" class=\"wp-caption alignnone\"><img data-recalc-dims=\"1\" loading=\"lazy\" decoding=\"async\" class=\"size-full wp-image-8015\" src=\"https:\/\/i0.wp.com\/cdnoticias.com\/wp-content\/uploads\/2020\/12\/1606944168.jpeg?resize=800%2C533&#038;ssl=1\" alt=\"\" width=\"800\" height=\"533\" srcset=\"https:\/\/i0.wp.com\/cdnoticias.com\/wp-content\/uploads\/2020\/12\/1606944168.jpeg?w=800&amp;ssl=1 800w, https:\/\/i0.wp.com\/cdnoticias.com\/wp-content\/uploads\/2020\/12\/1606944168.jpeg?resize=300%2C200&amp;ssl=1 300w, https:\/\/i0.wp.com\/cdnoticias.com\/wp-content\/uploads\/2020\/12\/1606944168.jpeg?resize=768%2C512&amp;ssl=1 768w, https:\/\/i0.wp.com\/cdnoticias.com\/wp-content\/uploads\/2020\/12\/1606944168.jpeg?resize=272%2C182&amp;ssl=1 272w\" sizes=\"auto, (max-width: 800px) 100vw, 800px\" \/><figcaption id=\"caption-attachment-8015\" class=\"wp-caption-text\">Foto Diario El Tiempo de Azul<\/figcaption><\/figure>\n<p>&nbsp;<\/p>\n<p>Quienes llegan en calidad de <strong>acusados son los hermanos Marcos y Mat\u00edas Peuscovich, adem\u00e1s de Gustavo Zurita<\/strong>, todos ligados a la productora que trajo a nuestra ciudad al Indio Solari y los Fundamentalistas del Aire Acondicionado.<\/p>\n<p>&nbsp;<\/p>\n<p>Hasta all\u00ed lo m\u00e1s o menos conocido por todos. La novedad que ahora pudo conocer este portal es que las audiencias de debate, o m\u00e1s f\u00e1cil el juicio, llegar\u00e1 a inicios del pr\u00f3ximo a\u00f1o. <strong>La jornada inaugural ser\u00e1 el 10 de febrero desde las 9 de la ma\u00f1ana en el recinto ubicado en el primer piso de la sede de Justicia local.<\/strong><\/p>\n<p>&nbsp;<\/p>\n<p><img data-recalc-dims=\"1\" loading=\"lazy\" decoding=\"async\" class=\"alignnone size-large wp-image-1878\" src=\"https:\/\/i0.wp.com\/cdnoticias.com\/wp-content\/uploads\/2020\/09\/WhatsApp-Image-2020-08-31-at-16.11.41-e1600490569282-1024x596.jpeg?resize=800%2C466&#038;ssl=1\" alt=\"\" width=\"800\" height=\"466\" srcset=\"https:\/\/i0.wp.com\/cdnoticias.com\/wp-content\/uploads\/2020\/09\/WhatsApp-Image-2020-08-31-at-16.11.41-e1600490569282.jpeg?resize=1024%2C596&amp;ssl=1 1024w, https:\/\/i0.wp.com\/cdnoticias.com\/wp-content\/uploads\/2020\/09\/WhatsApp-Image-2020-08-31-at-16.11.41-e1600490569282.jpeg?resize=300%2C175&amp;ssl=1 300w, https:\/\/i0.wp.com\/cdnoticias.com\/wp-content\/uploads\/2020\/09\/WhatsApp-Image-2020-08-31-at-16.11.41-e1600490569282.jpeg?resize=768%2C447&amp;ssl=1 768w, https:\/\/i0.wp.com\/cdnoticias.com\/wp-content\/uploads\/2020\/09\/WhatsApp-Image-2020-08-31-at-16.11.41-e1600490569282.jpeg?w=1280&amp;ssl=1 1280w\" sizes=\"auto, (max-width: 800px) 100vw, 800px\" \/><\/p>\n<p>&nbsp;<\/p>\n<p><strong>Se espera la realizaci\u00f3n de, como m\u00ednimo, una decena de jornadas<\/strong> en la que se escucharan numerosos testigos entre asistentes al recital, peritos, personal policial y personas vinculadas con la realizaci\u00f3n del evento, entre otros. Pero el desarrollo de esas audiencias se dilatar\u00e1 durante varias semanas. Tal es as\u00ed que la segunda audiencia fue pautada para el 17 de ese mismo mes y la tercera reci\u00e9n para el 24, tambi\u00e9n de febrero.<\/p>\n<p>&nbsp;<\/p>\n<p>Luego habr\u00e1 un cuarto intermedio hasta el 3 de marzo, mes que tendr\u00e1 el mayor n\u00famero de audiencias. As\u00ed ser\u00e1 en los d\u00edas 10, 17, 24 y 31. <strong>Las dos \u00faltimas jornadas ser\u00e1n en abril, m\u00e1s precisamente el 7 y el 14<\/strong>. El dato a tener en cuenta es que hasta all\u00ed est\u00e1 pautado lo que es la recepci\u00f3n de pruebas, es decir que una vez culminada esa instancia se deber\u00e1 pautar cu\u00e1ndo se escuchar\u00e1n los alegatos y, lo m\u00e1s importante, la fecha de lectura de la sentencia, lo que hace presumir que<strong> las alternativas puedan dilatarse inclusive hasta mayo<\/strong>.<\/p>\n","protected":false},"excerpt":{"rendered":"<p>La causa judicial por las muertes durante el recital en La Colmena llegar\u00e1 a debate a inicios del pr\u00f3ximo a\u00f1o.<\/p>\n","protected":false},"author":3,"featured_media":33457,"comment_status":"closed","ping_status":"closed","sticky":false,"template":"","format":"standard","meta":{"_jetpack_memberships_contains_paid_content":false,"footnotes":""},"categories":[14,1],"tags":[],"class_list":["post-33451","post","type-post","status-publish","format-standard","has-post-thumbnail","hentry","category-policiales","category-portada"],"jetpack_featured_media_url":"https:\/\/i0.wp.com\/cdnoticias.com\/wp-content\/uploads\/2021\/09\/Indio-en-Olavarr%C3%ADa-01.jpg?fit=1920%2C1008&ssl=1","jetpack_sharing_enabled":true,"_links":{"self":[{"href":"https:\/\/cdnoticias.com\/index.php\/wp-json\/wp\/v2\/posts\/33451","targetHints":{"allow":["GET"]}}],"collection":[{"href":"https:\/\/cdnoticias.com\/index.php\/wp-json\/wp\/v2\/posts"}],"about":[{"href":"https:\/\/cdnoticias.com\/index.php\/wp-json\/wp\/v2\/types\/post"}],"author":[{"embeddable":true,"href":"https:\/\/cdnoticias.com\/index.php\/wp-json\/wp\/v2\/users\/3"}],"replies":[{"embeddable":true,"href":"https:\/\/cdnoticias.com\/index.php\/wp-json\/wp\/v2\/comments?post=33451"}],"version-history":[{"count":0,"href":"https:\/\/cdnoticias.com\/index.php\/wp-json\/wp\/v2\/posts\/33451\/revisions"}],"wp:featuredmedia":[{"embeddable":true,"href":"https:\/\/cdnoticias.com\/index.php\/wp-json\/wp\/v2\/media\/33457"}],"wp:attachment":[{"href":"https:\/\/cdnoticias.com\/index.php\/wp-json\/wp\/v2\/media?parent=33451"}],"wp:term":[{"taxonomy":"category","embeddable":true,"href":"https:\/\/cdnoticias.com\/index.php\/wp-json\/wp\/v2\/categories?post=33451"},{"taxonomy":"post_tag","embeddable":true,"href":"https:\/\/cdnoticias.com\/index.php\/wp-json\/wp\/v2\/tags?post=33451"}],"curies":[{"name":"wp","href":"https:\/\/api.w.org\/{rel}","templated":true}]}}