{"id":33446,"date":"2021-09-20T17:53:55","date_gmt":"2021-09-20T20:53:55","guid":{"rendered":"http:\/\/www.centraldenoticias.com.ar\/?p=33446"},"modified":"2021-09-20T17:53:55","modified_gmt":"2021-09-20T20:53:55","slug":"el-congreso-se-ilumino-de-azul-por-el-dia-nacional-de-las-personas-sordas","status":"publish","type":"post","link":"https:\/\/cdnoticias.com\/index.php\/2021\/09\/20\/el-congreso-se-ilumino-de-azul-por-el-dia-nacional-de-las-personas-sordas\/","title":{"rendered":"El Congreso se ilumin\u00f3 de azul por el D\u00eda Nacional de las personas sordas"},"content":{"rendered":"<p>El pasado domingo la fachada del Parlamento Nacional se ilumin\u00f3 de ese color con el prop\u00f3sito de promover el reconocimiento de la lengua de se\u00f1as argentina, e igualar derechos y oportunidades.<!--more--><\/p>\n<hr \/>\n<p><strong>El \u00faltimo domingo el Congreso de la Naci\u00f3n se vio pintado de Azul, en conmemoraci\u00f3n del D\u00eda Nacional de las Personas Sordas<\/strong>. Se trat\u00f3 de una iniciativa de la Confederaci\u00f3n Argentina de Sordos (CAS), que cont\u00f3 con el apoyo de la C\u00e1mara de Diputados, que preside Sergio Massa.<\/p>\n<p>&nbsp;<\/p>\n<p>Adem\u00e1s, por la misma causa se convoc\u00f3 a la Plaza de los Dos Congresos, a personas sordas, familiares, int\u00e9rpretes y asociaciones civiles que militan por el reconocimiento de la Lengua de Se\u00f1as. Vale dar cuenta que <strong>el azul es el color elegido por la Federaci\u00f3n Mundial de Sordos para iluminar edificios emblem\u00e1ticos de todo el mundo y seguir concientizando a favor de la causa. En nuestro pa\u00eds, la CAS tiene como principal s\u00edmbolo un pa\u00f1uelo de ese color, en honor a las madres de Plaza de Mayo.<\/strong><\/p>\n<p>&nbsp;<\/p>\n<p>En la Argentina, se conmemora todos los 19 de septiembre de cada a\u00f1o como el D\u00eda Nacional de las Personas Sordas en homenaje a la sanci\u00f3n de la Ley 1.666 de 1885, que cre\u00f3 el primer instituto educativo para sordomudos. <strong>Las ONG reclaman que sea oficial la Lengua de Se\u00f1as y el INADI presta servicios para garantizar los derechos de las personas sordas.<\/strong><\/p>\n","protected":false},"excerpt":{"rendered":"<p>El pasado domingo la fachada del Parlamento Nacional se ilumin\u00f3 de ese color con el prop\u00f3sito de promover el reconocimiento<\/p>\n","protected":false},"author":3,"featured_media":33447,"comment_status":"closed","ping_status":"closed","sticky":false,"template":"","format":"standard","meta":{"_jetpack_memberships_contains_paid_content":false,"footnotes":""},"categories":[6],"tags":[],"class_list":["post-33446","post","type-post","status-publish","format-standard","has-post-thumbnail","hentry","category-nacionales"],"jetpack_featured_media_url":"https:\/\/i0.wp.com\/cdnoticias.com\/wp-content\/uploads\/2021\/09\/WhatsApp-Image-2021-09-19-at-22.00.33.jpeg?fit=1280%2C853&ssl=1","jetpack_sharing_enabled":true,"_links":{"self":[{"href":"https:\/\/cdnoticias.com\/index.php\/wp-json\/wp\/v2\/posts\/33446","targetHints":{"allow":["GET"]}}],"collection":[{"href":"https:\/\/cdnoticias.com\/index.php\/wp-json\/wp\/v2\/posts"}],"about":[{"href":"https:\/\/cdnoticias.com\/index.php\/wp-json\/wp\/v2\/types\/post"}],"author":[{"embeddable":true,"href":"https:\/\/cdnoticias.com\/index.php\/wp-json\/wp\/v2\/users\/3"}],"replies":[{"embeddable":true,"href":"https:\/\/cdnoticias.com\/index.php\/wp-json\/wp\/v2\/comments?post=33446"}],"version-history":[{"count":0,"href":"https:\/\/cdnoticias.com\/index.php\/wp-json\/wp\/v2\/posts\/33446\/revisions"}],"wp:featuredmedia":[{"embeddable":true,"href":"https:\/\/cdnoticias.com\/index.php\/wp-json\/wp\/v2\/media\/33447"}],"wp:attachment":[{"href":"https:\/\/cdnoticias.com\/index.php\/wp-json\/wp\/v2\/media?parent=33446"}],"wp:term":[{"taxonomy":"category","embeddable":true,"href":"https:\/\/cdnoticias.com\/index.php\/wp-json\/wp\/v2\/categories?post=33446"},{"taxonomy":"post_tag","embeddable":true,"href":"https:\/\/cdnoticias.com\/index.php\/wp-json\/wp\/v2\/tags?post=33446"}],"curies":[{"name":"wp","href":"https:\/\/api.w.org\/{rel}","templated":true}]}}