{"id":33409,"date":"2021-09-20T12:27:18","date_gmt":"2021-09-20T15:27:18","guid":{"rendered":"http:\/\/www.centraldenoticias.com.ar\/?p=33409"},"modified":"2021-09-20T12:27:18","modified_gmt":"2021-09-20T15:27:18","slug":"la-departamental-de-policia-organizo-operativos-por-el-dia-del-estudiante","status":"publish","type":"post","link":"https:\/\/cdnoticias.com\/index.php\/2021\/09\/20\/la-departamental-de-policia-organizo-operativos-por-el-dia-del-estudiante\/","title":{"rendered":"La Departamental de Polic\u00eda organiz\u00f3 operativos por el D\u00eda del Estudiante"},"content":{"rendered":"<p>Trabajar\u00e1n m\u00e1s de 100 efectivos. Se centrar\u00e1n especialmente en los espacios verdes, tanto de Olavarr\u00eda como de las localidades serranas.<!--more--><\/p>\n<hr \/>\n<p><strong>La Estaci\u00f3n de Polic\u00eda Departamental de Seguridad Olavarr\u00eda dio a conocer que se previeron operativos en vista de D\u00eda del Estudiante<\/strong>, que se conmemorar\u00e1 este martes.<\/p>\n<p>&nbsp;<\/p>\n<blockquote><p>\u201cSe espera que sea un festejo a conciencia y en paz de parte de todos los vecinos de Olavarr\u00eda\u201d plante\u00f3 la dependencia.<\/p><\/blockquote>\n<p>&nbsp;<\/p>\n<p>La Estaci\u00f3n a cargo del comisario inspector Roberto Landoni indic\u00f3 que \u201cse diagramaran <strong>operativos y controles<\/strong> en distintos puntos de la ciudad,<strong> focaliz\u00e1ndose sobre los espacios verdes a los fines de prevenir incidentes y reforzar la presencia policial<\/strong>, tanto en la planta urbana como en las localidades serranas\u201d.<\/p>\n<p>&nbsp;<\/p>\n<p><img data-recalc-dims=\"1\" loading=\"lazy\" decoding=\"async\" class=\"size-full wp-image-9846 aligncenter\" src=\"https:\/\/i0.wp.com\/cdnoticias.com\/wp-content\/uploads\/2020\/12\/distrial02.jpg?resize=800%2C449&#038;ssl=1\" alt=\"\" width=\"800\" height=\"449\" srcset=\"https:\/\/i0.wp.com\/cdnoticias.com\/wp-content\/uploads\/2020\/12\/distrial02.jpg?w=992&amp;ssl=1 992w, https:\/\/i0.wp.com\/cdnoticias.com\/wp-content\/uploads\/2020\/12\/distrial02.jpg?resize=300%2C168&amp;ssl=1 300w, https:\/\/i0.wp.com\/cdnoticias.com\/wp-content\/uploads\/2020\/12\/distrial02.jpg?resize=768%2C431&amp;ssl=1 768w\" sizes=\"auto, (max-width: 800px) 100vw, 800px\" \/><\/p>\n<p>&nbsp;<\/p>\n<blockquote><p>En cuanto al personal que participar\u00e1, se indic\u00f3 que \u201cser\u00e1n m\u00e1s de 100 los efectivos afectados\u201d, entre los que circular\u00e1n en m\u00f3viles, motos y a pie.<\/p><\/blockquote>\n<p>&nbsp;<\/p>\n<p>Se expuso que \u201cse volcar\u00e1 todos los <strong>recursos humanos y log\u00edsticos<\/strong> disponibles por parte de la totalidad de las dependencias policiales correspondientes a esta Estaci\u00f3n Departamental, juntamente con sus respectivos titulares\u201d.<\/p>\n<p>&nbsp;<\/p>\n<p>Tambi\u00e9n se indic\u00f3 que se contar\u00e1 <strong>apoyo de Subddi, Drogas Il\u00edcitas, Grupo Infanter\u00eda y el Grupo GAD y la colaboraci\u00f3n de personal de Control Urbano<\/strong> dependiente de la Subsecretar\u00eda de Seguridad Municipal.<\/p>\n","protected":false},"excerpt":{"rendered":"<p>Trabajar\u00e1n m\u00e1s de 100 efectivos. Se centrar\u00e1n especialmente en los espacios verdes, tanto de Olavarr\u00eda como de las localidades serranas.<\/p>\n","protected":false},"author":4,"featured_media":549,"comment_status":"closed","ping_status":"closed","sticky":false,"template":"","format":"standard","meta":{"_jetpack_memberships_contains_paid_content":false,"footnotes":""},"categories":[5,1],"tags":[],"class_list":["post-33409","post","type-post","status-publish","format-standard","has-post-thumbnail","hentry","category-informacion-general","category-portada"],"jetpack_featured_media_url":"https:\/\/i0.wp.com\/cdnoticias.com\/wp-content\/uploads\/2020\/09\/parquerecreativo.jpg?fit=3864%2C2436&ssl=1","jetpack_sharing_enabled":true,"_links":{"self":[{"href":"https:\/\/cdnoticias.com\/index.php\/wp-json\/wp\/v2\/posts\/33409","targetHints":{"allow":["GET"]}}],"collection":[{"href":"https:\/\/cdnoticias.com\/index.php\/wp-json\/wp\/v2\/posts"}],"about":[{"href":"https:\/\/cdnoticias.com\/index.php\/wp-json\/wp\/v2\/types\/post"}],"author":[{"embeddable":true,"href":"https:\/\/cdnoticias.com\/index.php\/wp-json\/wp\/v2\/users\/4"}],"replies":[{"embeddable":true,"href":"https:\/\/cdnoticias.com\/index.php\/wp-json\/wp\/v2\/comments?post=33409"}],"version-history":[{"count":0,"href":"https:\/\/cdnoticias.com\/index.php\/wp-json\/wp\/v2\/posts\/33409\/revisions"}],"wp:featuredmedia":[{"embeddable":true,"href":"https:\/\/cdnoticias.com\/index.php\/wp-json\/wp\/v2\/media\/549"}],"wp:attachment":[{"href":"https:\/\/cdnoticias.com\/index.php\/wp-json\/wp\/v2\/media?parent=33409"}],"wp:term":[{"taxonomy":"category","embeddable":true,"href":"https:\/\/cdnoticias.com\/index.php\/wp-json\/wp\/v2\/categories?post=33409"},{"taxonomy":"post_tag","embeddable":true,"href":"https:\/\/cdnoticias.com\/index.php\/wp-json\/wp\/v2\/tags?post=33409"}],"curies":[{"name":"wp","href":"https:\/\/api.w.org\/{rel}","templated":true}]}}