{"id":33392,"date":"2021-09-20T11:27:28","date_gmt":"2021-09-20T14:27:28","guid":{"rendered":"http:\/\/www.centraldenoticias.com.ar\/?p=33392"},"modified":"2021-09-26T11:50:08","modified_gmt":"2021-09-26T14:50:08","slug":"se-suspendio-el-juicio-por-el-homicidio-de-enzo-marconi-paso-al-5-de-octubre","status":"publish","type":"post","link":"https:\/\/cdnoticias.com\/index.php\/2021\/09\/20\/se-suspendio-el-juicio-por-el-homicidio-de-enzo-marconi-paso-al-5-de-octubre\/","title":{"rendered":"Se suspendi\u00f3 el juicio por el homicidio de Enzo Marconi: pas\u00f3 al 5 de octubre"},"content":{"rendered":"<p>\u201cMucha indignaci\u00f3n y una falta de respeto terrible\u201d se quej\u00f3 Yesica Salguero, mam\u00e1 de Enzo. La suspensi\u00f3n se conoci\u00f3 cuando los testigos ya estaban en la sede judicial.<!--more--><\/p>\n<hr \/>\n<p>Este lunes por la ma\u00f1ana <a href=\"https:\/\/cdnoticias.com\/index.php\/2021\/09\/20\/este-lunes-comienza-el-juicio-oral-por-el-homicidio-de-enzo-marconi\/\" target=\"_blank\" rel=\"noopener\">estaba programado el inicio del juicio oral por el homicidio de Enzo Marconi<\/a>:<strong> la audiencia en el Juzgado Correccional local fue finalmente suspendida y se reprogram\u00f3 para el 5 de octubre.<\/strong><\/p>\n<p>&nbsp;<\/p>\n<p><strong>Central de Noticias<\/strong> estuvo en la sede del Poder Judicial donde habl\u00f3<strong> Yesica Salguero, la mam\u00e1 de Enzo<\/strong>, quien se mostr\u00f3 molesta por la definici\u00f3n: <strong>se debi\u00f3 a una presentaci\u00f3n del abogado defensor del imputado. El representante legal inform\u00f3 que estaba enfermo y no podr\u00eda asistir a la sala<\/strong>.<\/p>\n<p>&nbsp;<\/p>\n<p><img data-recalc-dims=\"1\" loading=\"lazy\" decoding=\"async\" class=\"size-full wp-image-33395 aligncenter\" src=\"https:\/\/i0.wp.com\/cdnoticias.com\/wp-content\/uploads\/2021\/09\/juicio-enzo-marzoni-03.jpg?resize=800%2C600&#038;ssl=1\" alt=\"\" width=\"800\" height=\"600\" srcset=\"https:\/\/i0.wp.com\/cdnoticias.com\/wp-content\/uploads\/2021\/09\/juicio-enzo-marzoni-03.jpg?w=800&amp;ssl=1 800w, https:\/\/i0.wp.com\/cdnoticias.com\/wp-content\/uploads\/2021\/09\/juicio-enzo-marzoni-03.jpg?resize=300%2C225&amp;ssl=1 300w, https:\/\/i0.wp.com\/cdnoticias.com\/wp-content\/uploads\/2021\/09\/juicio-enzo-marzoni-03.jpg?resize=768%2C576&amp;ssl=1 768w\" sizes=\"auto, (max-width: 800px) 100vw, 800px\" \/><\/p>\n<p>&nbsp;<\/p>\n<blockquote><p>\u201cLlegu\u00e9 yo que me present\u00e9 como mam\u00e1 para declarar, los testigos se presentaron, hasta la Polic\u00eda Cient\u00edfica se present\u00f3, son 37 testigos para declarar. Nos avisaron hoy que el abogado de \u00e9l se encuentra enfermo, con un posible Covid y se suspendi\u00f3 el juicio hasta el 5 de octubre\u201d resumi\u00f3 la mujer sobre lo sucedido en la ma\u00f1ana de este lunes en el edificio de Rufino Fal al 2900.<\/p><\/blockquote>\n<p>&nbsp;<\/p>\n<p>Manifest\u00f3 \u201c<strong>mucha indignaci\u00f3n y una falta de respeto terrible hacia m\u00ed<\/strong>, hacia los testigos, y hacia toda la gente que trabaja ac\u00e1 en Fiscal\u00eda. Una verg\u00fcenza\u201d subray\u00f3.<\/p>\n<p>&nbsp;<\/p>\n<p><img data-recalc-dims=\"1\" loading=\"lazy\" decoding=\"async\" class=\"size-full wp-image-33401 aligncenter\" src=\"https:\/\/i0.wp.com\/cdnoticias.com\/wp-content\/uploads\/2021\/09\/juicio-enzo-marzoni-02.jpg?resize=800%2C445&#038;ssl=1\" alt=\"\" width=\"800\" height=\"445\" srcset=\"https:\/\/i0.wp.com\/cdnoticias.com\/wp-content\/uploads\/2021\/09\/juicio-enzo-marzoni-02.jpg?w=800&amp;ssl=1 800w, https:\/\/i0.wp.com\/cdnoticias.com\/wp-content\/uploads\/2021\/09\/juicio-enzo-marzoni-02.jpg?resize=300%2C167&amp;ssl=1 300w, https:\/\/i0.wp.com\/cdnoticias.com\/wp-content\/uploads\/2021\/09\/juicio-enzo-marzoni-02.jpg?resize=768%2C427&amp;ssl=1 768w\" sizes=\"auto, (max-width: 800px) 100vw, 800px\" \/><\/p>\n<p>&nbsp;<\/p>\n<p>La informaci\u00f3n fue ratificada minutos despu\u00e9s desde la UFI N\u00b0 4, a cargo de la fiscal Paula Serrano quien llev\u00f3 adelante la investigaci\u00f3n del caso y estar\u00e1 al frente de la acusaci\u00f3n en el juicio oral. Se detall\u00f3 que &#8220;el abogado que se present\u00f3 el viernes tiene s\u00edntomas de Covid&#8221;, en referencia al representante de la defensa.<\/p>\n<p>&nbsp;<\/p>\n<p>La mam\u00e1 de la v\u00edctima explic\u00f3 que todos los citados se presentaron y quedaron en espera para iniciar la audiencia, programada para las 9 de ma\u00f1ana. <strong>Pasadas las 9.30 les informaron de la suspensi\u00f3n<\/strong>. \u201cMientras tanto estuvimos adentro esperando\u201d coment\u00f3.<\/p>\n<p>&nbsp;<\/p>\n<p><img data-recalc-dims=\"1\" loading=\"lazy\" decoding=\"async\" class=\"size-full wp-image-33398 aligncenter\" src=\"https:\/\/i0.wp.com\/cdnoticias.com\/wp-content\/uploads\/2021\/09\/juicio-enzo-marconi-yesica-salguero-00.jpg?resize=800%2C445&#038;ssl=1\" alt=\"\" width=\"800\" height=\"445\" srcset=\"https:\/\/i0.wp.com\/cdnoticias.com\/wp-content\/uploads\/2021\/09\/juicio-enzo-marconi-yesica-salguero-00.jpg?w=800&amp;ssl=1 800w, https:\/\/i0.wp.com\/cdnoticias.com\/wp-content\/uploads\/2021\/09\/juicio-enzo-marconi-yesica-salguero-00.jpg?resize=300%2C167&amp;ssl=1 300w, https:\/\/i0.wp.com\/cdnoticias.com\/wp-content\/uploads\/2021\/09\/juicio-enzo-marconi-yesica-salguero-00.jpg?resize=768%2C427&amp;ssl=1 768w\" sizes=\"auto, (max-width: 800px) 100vw, 800px\" \/><\/p>\n<p>&nbsp;<\/p>\n<p>Yesica Salguero adelant\u00f3 que<strong> el imputado, Sebasti\u00e1n S\u00e1nchez (19), tendr\u00e1 una nueva representaci\u00f3n legal para el 5 de octubre<\/strong>.<\/p>\n<p>&nbsp;<\/p>\n<blockquote><p>\u201cVamos a seguir peleando hasta las \u00faltimas consecuencias y Enzo va a tener justicia\u201d reafirm\u00f3 la mam\u00e1 del joven de 15 a\u00f1os asesinado el 9 de febrero de 2020 en el barrio Jard\u00edn de nuestra ciudad de un disparo de arma de fuego.<\/p><\/blockquote>\n<p>&nbsp;<\/p>\n<p><img data-recalc-dims=\"1\" loading=\"lazy\" decoding=\"async\" class=\"size-full wp-image-33396 aligncenter\" src=\"https:\/\/i0.wp.com\/cdnoticias.com\/wp-content\/uploads\/2021\/09\/yesica-salguero-ceferino-martinez-00.jpg?resize=800%2C445&#038;ssl=1\" alt=\"\" width=\"800\" height=\"445\" srcset=\"https:\/\/i0.wp.com\/cdnoticias.com\/wp-content\/uploads\/2021\/09\/yesica-salguero-ceferino-martinez-00.jpg?w=800&amp;ssl=1 800w, https:\/\/i0.wp.com\/cdnoticias.com\/wp-content\/uploads\/2021\/09\/yesica-salguero-ceferino-martinez-00.jpg?resize=300%2C167&amp;ssl=1 300w, https:\/\/i0.wp.com\/cdnoticias.com\/wp-content\/uploads\/2021\/09\/yesica-salguero-ceferino-martinez-00.jpg?resize=768%2C427&amp;ssl=1 768w\" sizes=\"auto, (max-width: 800px) 100vw, 800px\" \/><\/p>\n<p>&nbsp;<\/p>\n<p>Adem\u00e1s, <strong>Salguero expres\u00f3 su apoyo a Ceferino Mart\u00ednez<\/strong>, quien lleva adelante un reclamo en la puerta de la sede del Poder Judicial por el esclarecimiento de la muerte de su hijo Macario (29), ocurrida en abril de 2021. El hombre <strong>acus\u00f3 de \u201cmala praxis\u201d a personal del Hospital Municipal<\/strong> donde estaba internado.<\/p>\n<p>&nbsp;<\/p>\n<p>Mart\u00ednez reclama que la justicia avance con la investigaci\u00f3n y secuestre la historia cl\u00ednica del joven. Yesica Salguero apoy\u00f3 el reclamo del hombre y su cr\u00edtica al funcionamiento de la justicia.<\/p>\n","protected":false},"excerpt":{"rendered":"<p>\u201cMucha indignaci\u00f3n y una falta de respeto terrible\u201d se quej\u00f3 Yesica Salguero, mam\u00e1 de Enzo. La suspensi\u00f3n se conoci\u00f3 cuando<\/p>\n","protected":false},"author":4,"featured_media":33400,"comment_status":"closed","ping_status":"closed","sticky":false,"template":"","format":"standard","meta":{"_jetpack_memberships_contains_paid_content":false,"footnotes":""},"categories":[14,1],"tags":[],"class_list":["post-33392","post","type-post","status-publish","format-standard","has-post-thumbnail","hentry","category-policiales","category-portada"],"jetpack_featured_media_url":"https:\/\/i0.wp.com\/cdnoticias.com\/wp-content\/uploads\/2021\/09\/juicio-enzo-marconi-yesica-salguero-02.jpg?fit=800%2C445&ssl=1","jetpack_sharing_enabled":true,"_links":{"self":[{"href":"https:\/\/cdnoticias.com\/index.php\/wp-json\/wp\/v2\/posts\/33392","targetHints":{"allow":["GET"]}}],"collection":[{"href":"https:\/\/cdnoticias.com\/index.php\/wp-json\/wp\/v2\/posts"}],"about":[{"href":"https:\/\/cdnoticias.com\/index.php\/wp-json\/wp\/v2\/types\/post"}],"author":[{"embeddable":true,"href":"https:\/\/cdnoticias.com\/index.php\/wp-json\/wp\/v2\/users\/4"}],"replies":[{"embeddable":true,"href":"https:\/\/cdnoticias.com\/index.php\/wp-json\/wp\/v2\/comments?post=33392"}],"version-history":[{"count":0,"href":"https:\/\/cdnoticias.com\/index.php\/wp-json\/wp\/v2\/posts\/33392\/revisions"}],"wp:featuredmedia":[{"embeddable":true,"href":"https:\/\/cdnoticias.com\/index.php\/wp-json\/wp\/v2\/media\/33400"}],"wp:attachment":[{"href":"https:\/\/cdnoticias.com\/index.php\/wp-json\/wp\/v2\/media?parent=33392"}],"wp:term":[{"taxonomy":"category","embeddable":true,"href":"https:\/\/cdnoticias.com\/index.php\/wp-json\/wp\/v2\/categories?post=33392"},{"taxonomy":"post_tag","embeddable":true,"href":"https:\/\/cdnoticias.com\/index.php\/wp-json\/wp\/v2\/tags?post=33392"}],"curies":[{"name":"wp","href":"https:\/\/api.w.org\/{rel}","templated":true}]}}