{"id":33389,"date":"2021-09-20T10:39:11","date_gmt":"2021-09-20T13:39:11","guid":{"rendered":"http:\/\/www.centraldenoticias.com.ar\/?p=33389"},"modified":"2021-09-20T11:28:44","modified_gmt":"2021-09-20T14:28:44","slug":"semana-17-de-caida-de-contagios-en-la-provincia-baja-acumulada-de-95","status":"publish","type":"post","link":"https:\/\/cdnoticias.com\/index.php\/2021\/09\/20\/semana-17-de-caida-de-contagios-en-la-provincia-baja-acumulada-de-95\/","title":{"rendered":"Semana 17 de ca\u00edda de contagios en la provincia: baja acumulada de 95%"},"content":{"rendered":"<p>El promedio diario de casos se ubic\u00f3 en 646: 191 en el interior y 450 en el Conurbano.<!--more--><\/p>\n<hr \/>\n<p>El Gobierno bonaerense destac\u00f3 que <strong>se profundiza la ca\u00edda de los contagios de Covid por decimos\u00e9ptima semana consecutiva en ese territorio<\/strong>.<\/p>\n<p>&nbsp;<\/p>\n<p>En rigor, el descenso fue de 21% respecto a la \u00faltima semana y<strong> acumula un 95% en relaci\u00f3n al pico de la segunda ola en mayo pasado<\/strong>.<\/p>\n<p>&nbsp;<\/p>\n<blockquote class=\"twitter-tweet\">\n<p dir=\"ltr\" lang=\"es\">Decimos\u00e9ptima semana consecutiva de ca\u00edda de casos en PBA, con un promedio diario de 646 casos: -21% respecto a la semana pasada y -95% respecto del pico de la segunda ola. Paso a paso va disminuyendo la pandemia de Covid. <a href=\"https:\/\/t.co\/sOKonWFJJs\">pic.twitter.com\/sOKonWFJJs<\/a><\/p>\n<p>\u2014 Carlos Bianco (@Carli_Bianco) <a href=\"https:\/\/twitter.com\/Carli_Bianco\/status\/1439792272468480003?ref_src=twsrc%5Etfw\">September 20, 2021<\/a><\/p><\/blockquote>\n<p><script async src=\"https:\/\/platform.twitter.com\/widgets.js\" charset=\"utf-8\"><\/script><\/p>\n<p>&nbsp;<\/p>\n<p>Asimismo, <strong>el promedio semanal diario de casos es de 646. De los cuales 191 corresponden al interior<\/strong> y 450 a los distritos del conurbano.<\/p>\n<p>&nbsp;<\/p>\n<p>\u201cDecimos\u00e9ptima semana consecutiva de ca\u00edda de casos en PBA, con un promedio diario de 646 casos: -21% respecto a la semana pasada y -95% respecto del pico de la segunda ola. <strong>Paso a paso va disminuyendo la pandemia de Covid<\/strong>\u201d, escribi\u00f3 en la noche del lunes en su cuenta de Twitter, <strong>Carlos Bianco<\/strong>, quien en las pr\u00f3ximas horas <a href=\"https:\/\/cdnoticias.com\/index.php\/2021\/09\/19\/axel-kicillof-tambien-realizo-importantes-cambios-en-su-gabinete\/\" target=\"_blank\" rel=\"noopener\">dejar\u00e1 la Jefatura de Gabinete a manos de Mart\u00edn Insaurralde<\/a> y asumir\u00e1 como Jefe de Asesores del Gobierno.<\/p>\n<p>&nbsp;<\/p>\n<p>Fuente: <em>Agencia DIB<\/em><\/p>\n","protected":false},"excerpt":{"rendered":"<p>El promedio diario de casos se ubic\u00f3 en 646: 191 en el interior y 450 en el Conurbano.<\/p>\n","protected":false},"author":4,"featured_media":33390,"comment_status":"closed","ping_status":"closed","sticky":false,"template":"","format":"standard","meta":{"_jetpack_memberships_contains_paid_content":false,"footnotes":""},"categories":[6,1],"tags":[],"class_list":["post-33389","post","type-post","status-publish","format-standard","has-post-thumbnail","hentry","category-nacionales","category-portada"],"jetpack_featured_media_url":"https:\/\/i0.wp.com\/cdnoticias.com\/wp-content\/uploads\/2021\/09\/DIB-covid-detectar-1-scaled-1-696x465.jpeg?fit=696%2C465&ssl=1","jetpack_sharing_enabled":true,"_links":{"self":[{"href":"https:\/\/cdnoticias.com\/index.php\/wp-json\/wp\/v2\/posts\/33389","targetHints":{"allow":["GET"]}}],"collection":[{"href":"https:\/\/cdnoticias.com\/index.php\/wp-json\/wp\/v2\/posts"}],"about":[{"href":"https:\/\/cdnoticias.com\/index.php\/wp-json\/wp\/v2\/types\/post"}],"author":[{"embeddable":true,"href":"https:\/\/cdnoticias.com\/index.php\/wp-json\/wp\/v2\/users\/4"}],"replies":[{"embeddable":true,"href":"https:\/\/cdnoticias.com\/index.php\/wp-json\/wp\/v2\/comments?post=33389"}],"version-history":[{"count":0,"href":"https:\/\/cdnoticias.com\/index.php\/wp-json\/wp\/v2\/posts\/33389\/revisions"}],"wp:featuredmedia":[{"embeddable":true,"href":"https:\/\/cdnoticias.com\/index.php\/wp-json\/wp\/v2\/media\/33390"}],"wp:attachment":[{"href":"https:\/\/cdnoticias.com\/index.php\/wp-json\/wp\/v2\/media?parent=33389"}],"wp:term":[{"taxonomy":"category","embeddable":true,"href":"https:\/\/cdnoticias.com\/index.php\/wp-json\/wp\/v2\/categories?post=33389"},{"taxonomy":"post_tag","embeddable":true,"href":"https:\/\/cdnoticias.com\/index.php\/wp-json\/wp\/v2\/tags?post=33389"}],"curies":[{"name":"wp","href":"https:\/\/api.w.org\/{rel}","templated":true}]}}