{"id":33374,"date":"2021-09-19T19:46:55","date_gmt":"2021-09-19T22:46:55","guid":{"rendered":"http:\/\/www.centraldenoticias.com.ar\/?p=33374"},"modified":"2021-09-19T21:27:56","modified_gmt":"2021-09-20T00:27:56","slug":"axel-kicillof-tambien-realizo-importantes-cambios-en-su-gabinete","status":"publish","type":"post","link":"https:\/\/cdnoticias.com\/index.php\/2021\/09\/19\/axel-kicillof-tambien-realizo-importantes-cambios-en-su-gabinete\/","title":{"rendered":"Axel Kicillof tambi\u00e9n realiz\u00f3 importantes cambios en su gabinete"},"content":{"rendered":"<p>El anuncio fue dado a conocer en la jornada de este domingo. Carlos Bianco ya no es m\u00e1s Jefe de Gabinete y Teresa Garc\u00eda tambi\u00e9n qued\u00f3 afuera del Ministerio de Gobierno bonaerense.<!--more--><\/p>\n<hr \/>\n<p>Los movimientos en el gobierno tras el cimbronazo de las PASO no se limitan \u00fanicamente al Ejecutivo Nacional y as\u00ed qued\u00f3 expuesto en las \u00faltimas horas en el gobierno de la provincia de Buenos Aires, a partir de un comunicado dado a conocer en la tarde de este domingo. <strong>\u201cEl gobernador de la Provincia de Buenos Aires, Axel Kicillof dispuso esta tarde la reformulaci\u00f3n del gabinete provincial de cara a la etapa de reconstrucci\u00f3n que comienza a partir de la pospandemia\u201d<\/strong>, fue lo que se expres\u00f3 por v\u00edas oficiales.<\/p>\n<p>&nbsp;<\/p>\n<p><img data-recalc-dims=\"1\" loading=\"lazy\" decoding=\"async\" class=\"alignnone size-full wp-image-31508\" src=\"https:\/\/i0.wp.com\/cdnoticias.com\/wp-content\/uploads\/2021\/09\/Carlos-Bianco-.jpg?resize=800%2C445&#038;ssl=1\" alt=\"\" width=\"800\" height=\"445\" srcset=\"https:\/\/i0.wp.com\/cdnoticias.com\/wp-content\/uploads\/2021\/09\/Carlos-Bianco-.jpg?w=800&amp;ssl=1 800w, https:\/\/i0.wp.com\/cdnoticias.com\/wp-content\/uploads\/2021\/09\/Carlos-Bianco-.jpg?resize=300%2C167&amp;ssl=1 300w, https:\/\/i0.wp.com\/cdnoticias.com\/wp-content\/uploads\/2021\/09\/Carlos-Bianco-.jpg?resize=768%2C427&amp;ssl=1 768w\" sizes=\"auto, (max-width: 800px) 100vw, 800px\" \/><\/p>\n<p>&nbsp;<\/p>\n<p>Sin dudas una de las novedades m\u00e1s relevantes es la <strong>salida de Carlos Bianco de la Jefatura de Gabinete Bonaerense, lugar que ahora ser\u00e1 desempe\u00f1ado por Mart\u00edn Insaurralde, actual intendente de Lomas de Zamora<\/strong>. Bianco, no obstante, seguir\u00e1 ligado al Ejecutivo de la provincia de Buenos Aires pero como Jefe de Asesores del Gobierno, seg\u00fan se detall\u00f3.<\/p>\n<p>&nbsp;<\/p>\n<p>Otro de los cambios se dio en el <strong>Ministerio de Infraestructura y Servicios P\u00fablicos, que ahora estar\u00e1 a cargo de Leonardo Nardini. En tanto, Agust\u00edn Simone tendr\u00e1 a su cargo el Instituto de la Vivienda.<\/strong><\/p>\n<p>&nbsp;<\/p>\n<p><img data-recalc-dims=\"1\" loading=\"lazy\" decoding=\"async\" class=\"alignnone size-full wp-image-7035\" src=\"https:\/\/i0.wp.com\/cdnoticias.com\/wp-content\/uploads\/2020\/11\/TG.jpg?resize=800%2C533&#038;ssl=1\" alt=\"\" width=\"800\" height=\"533\" srcset=\"https:\/\/i0.wp.com\/cdnoticias.com\/wp-content\/uploads\/2020\/11\/TG.jpg?w=960&amp;ssl=1 960w, https:\/\/i0.wp.com\/cdnoticias.com\/wp-content\/uploads\/2020\/11\/TG.jpg?resize=300%2C200&amp;ssl=1 300w, https:\/\/i0.wp.com\/cdnoticias.com\/wp-content\/uploads\/2020\/11\/TG.jpg?resize=768%2C512&amp;ssl=1 768w, https:\/\/i0.wp.com\/cdnoticias.com\/wp-content\/uploads\/2020\/11\/TG.jpg?resize=272%2C182&amp;ssl=1 272w\" sizes=\"auto, (max-width: 800px) 100vw, 800px\" \/><\/p>\n<p>&nbsp;<\/p>\n<p>Tambi\u00e9n sorprendi\u00f3 a propios y extra\u00f1os la <strong>salida de Teresa Garc\u00eda del Ministerio de Gobierno, que ahora ser\u00e1 desempe\u00f1ado por Cristina \u00c1lvarez Rodr\u00edguez<\/strong>. \u201cEl Gobernador agradece inmensamente el empe\u00f1o y la labor realizada por Teresa Garc\u00eda\u201d, se expres\u00f3 al respecto.<\/p>\n<p>&nbsp;<\/p>\n<p>\u201cCon el objetivo de fortalecer la gesti\u00f3n provincial para dar las respuestas necesarias a las y los bonaerenses y <strong>en consonancia con el recambio realizado por el Presidente Alberto Fern\u00e1ndez en el gabinete nacional, el Gobernador ha tomado estas determinaciones para que desde ma\u00f1ana mismo se ponga en marcha esta nueva etapa<\/strong>\u201d, concluye el comunicado oficial.<\/p>\n","protected":false},"excerpt":{"rendered":"<p>El anuncio fue dado a conocer en la jornada de este domingo. Carlos Bianco ya no es m\u00e1s Jefe de<\/p>\n","protected":false},"author":3,"featured_media":23371,"comment_status":"closed","ping_status":"closed","sticky":false,"template":"","format":"standard","meta":{"_jetpack_memberships_contains_paid_content":false,"footnotes":""},"categories":[6,1],"tags":[],"class_list":["post-33374","post","type-post","status-publish","format-standard","has-post-thumbnail","hentry","category-nacionales","category-portada"],"jetpack_featured_media_url":"https:\/\/i0.wp.com\/cdnoticias.com\/wp-content\/uploads\/2021\/06\/axel-kici.jpg?fit=949%2C521&ssl=1","jetpack_sharing_enabled":true,"_links":{"self":[{"href":"https:\/\/cdnoticias.com\/index.php\/wp-json\/wp\/v2\/posts\/33374","targetHints":{"allow":["GET"]}}],"collection":[{"href":"https:\/\/cdnoticias.com\/index.php\/wp-json\/wp\/v2\/posts"}],"about":[{"href":"https:\/\/cdnoticias.com\/index.php\/wp-json\/wp\/v2\/types\/post"}],"author":[{"embeddable":true,"href":"https:\/\/cdnoticias.com\/index.php\/wp-json\/wp\/v2\/users\/3"}],"replies":[{"embeddable":true,"href":"https:\/\/cdnoticias.com\/index.php\/wp-json\/wp\/v2\/comments?post=33374"}],"version-history":[{"count":0,"href":"https:\/\/cdnoticias.com\/index.php\/wp-json\/wp\/v2\/posts\/33374\/revisions"}],"wp:featuredmedia":[{"embeddable":true,"href":"https:\/\/cdnoticias.com\/index.php\/wp-json\/wp\/v2\/media\/23371"}],"wp:attachment":[{"href":"https:\/\/cdnoticias.com\/index.php\/wp-json\/wp\/v2\/media?parent=33374"}],"wp:term":[{"taxonomy":"category","embeddable":true,"href":"https:\/\/cdnoticias.com\/index.php\/wp-json\/wp\/v2\/categories?post=33374"},{"taxonomy":"post_tag","embeddable":true,"href":"https:\/\/cdnoticias.com\/index.php\/wp-json\/wp\/v2\/tags?post=33374"}],"curies":[{"name":"wp","href":"https:\/\/api.w.org\/{rel}","templated":true}]}}