{"id":33361,"date":"2021-09-19T19:14:13","date_gmt":"2021-09-19T22:14:13","guid":{"rendered":"http:\/\/www.centraldenoticias.com.ar\/?p=33361"},"modified":"2021-09-19T19:14:13","modified_gmt":"2021-09-19T22:14:13","slug":"un-joven-fue-detenido-tras-un-allanamiento-por-lesiones-graves","status":"publish","type":"post","link":"https:\/\/cdnoticias.com\/index.php\/2021\/09\/19\/un-joven-fue-detenido-tras-un-allanamiento-por-lesiones-graves\/","title":{"rendered":"Un joven fue detenido tras un allanamiento por \u201clesiones graves\u201d"},"content":{"rendered":"<p>La captura se concret\u00f3 en el barrio Nicol\u00e1s Avellaneda, mismo punto de la ciudad donde horas atr\u00e1s se dio el hecho que ahora se le imputa.<!--more--><\/p>\n<hr \/>\n<p>En las \u00faltimas horas personas de la comisar\u00eda Segunda, con la colaboraci\u00f3n de otras seccionales dependientes de la Estaci\u00f3n de Polic\u00eda Departamental local, llevaron adelante la <strong>detenci\u00f3n de un joven de 19 a\u00f1os, a quien se lo acusa de ser el autor de un episodio que, en principio, se encuentra tipificado como \u201clesiones graves\u201d.<\/strong><\/p>\n<p>&nbsp;<\/p>\n<p>De acuerdo con lo que se detall\u00f3 por v\u00edas oficiales, <strong>la medida fue requerida desde la fiscal\u00eda en turno, la N\u00b0 4 de la doctora Mar\u00eda Paula Serrano, y acompa\u00f1ada por el doctor Carlos Villamar\u00edn, del Juzgado de Garant\u00edas local N\u00b0 2.<\/strong><\/p>\n<p>&nbsp;<\/p>\n<p><img data-recalc-dims=\"1\" loading=\"lazy\" decoding=\"async\" class=\"alignnone size-large wp-image-33367\" src=\"https:\/\/i0.wp.com\/cdnoticias.com\/wp-content\/uploads\/2021\/09\/WhatsApp-Image-2021-09-19-at-18.32.26.jpeg?resize=800%2C360&#038;ssl=1\" alt=\"\" width=\"800\" height=\"360\" srcset=\"https:\/\/i0.wp.com\/cdnoticias.com\/wp-content\/uploads\/2021\/09\/WhatsApp-Image-2021-09-19-at-18.32.26.jpeg?resize=1024%2C461&amp;ssl=1 1024w, https:\/\/i0.wp.com\/cdnoticias.com\/wp-content\/uploads\/2021\/09\/WhatsApp-Image-2021-09-19-at-18.32.26.jpeg?resize=300%2C135&amp;ssl=1 300w, https:\/\/i0.wp.com\/cdnoticias.com\/wp-content\/uploads\/2021\/09\/WhatsApp-Image-2021-09-19-at-18.32.26.jpeg?resize=768%2C346&amp;ssl=1 768w, https:\/\/i0.wp.com\/cdnoticias.com\/wp-content\/uploads\/2021\/09\/WhatsApp-Image-2021-09-19-at-18.32.26.jpeg?w=1280&amp;ssl=1 1280w\" sizes=\"auto, (max-width: 800px) 100vw, 800px\" \/><\/p>\n<p>&nbsp;<\/p>\n<p>La captura se dio en el interior de un domicilio ubicado sobre calle 10 al 3500, sitio donde <strong>adem\u00e1s se incaut\u00f3 un tel\u00e9fono celular y otra serie de \u201celementos de inter\u00e9s\u201d para la causa<\/strong>, que ya se erigen como evidencia de la instrucci\u00f3n liderada por la fiscal Serrano.<\/p>\n<p>&nbsp;<\/p>\n<p>Si bien no se arrojaron mayores precisiones sobre el hecho en s\u00ed, se precis\u00f3 que tambi\u00e9n tuvo lugar en el barrio Nicol\u00e1s Avellaneda. <strong>Ahora el joven se encuentra a disposici\u00f3n de la Justicia, que lo indagar\u00e1 con el correr de las pr\u00f3ximas horas.<\/strong><\/p>\n","protected":false},"excerpt":{"rendered":"<p>La captura se concret\u00f3 en el barrio Nicol\u00e1s Avellaneda, mismo punto de la ciudad donde horas atr\u00e1s se dio el<\/p>\n","protected":false},"author":3,"featured_media":33366,"comment_status":"closed","ping_status":"closed","sticky":false,"template":"","format":"standard","meta":{"_jetpack_memberships_contains_paid_content":false,"footnotes":""},"categories":[14,1],"tags":[],"class_list":["post-33361","post","type-post","status-publish","format-standard","has-post-thumbnail","hentry","category-policiales","category-portada"],"jetpack_featured_media_url":"https:\/\/i0.wp.com\/cdnoticias.com\/wp-content\/uploads\/2021\/09\/WhatsApp-Image-2021-09-19-at-18.31.48.jpeg?fit=1280%2C720&ssl=1","jetpack_sharing_enabled":true,"_links":{"self":[{"href":"https:\/\/cdnoticias.com\/index.php\/wp-json\/wp\/v2\/posts\/33361","targetHints":{"allow":["GET"]}}],"collection":[{"href":"https:\/\/cdnoticias.com\/index.php\/wp-json\/wp\/v2\/posts"}],"about":[{"href":"https:\/\/cdnoticias.com\/index.php\/wp-json\/wp\/v2\/types\/post"}],"author":[{"embeddable":true,"href":"https:\/\/cdnoticias.com\/index.php\/wp-json\/wp\/v2\/users\/3"}],"replies":[{"embeddable":true,"href":"https:\/\/cdnoticias.com\/index.php\/wp-json\/wp\/v2\/comments?post=33361"}],"version-history":[{"count":0,"href":"https:\/\/cdnoticias.com\/index.php\/wp-json\/wp\/v2\/posts\/33361\/revisions"}],"wp:featuredmedia":[{"embeddable":true,"href":"https:\/\/cdnoticias.com\/index.php\/wp-json\/wp\/v2\/media\/33366"}],"wp:attachment":[{"href":"https:\/\/cdnoticias.com\/index.php\/wp-json\/wp\/v2\/media?parent=33361"}],"wp:term":[{"taxonomy":"category","embeddable":true,"href":"https:\/\/cdnoticias.com\/index.php\/wp-json\/wp\/v2\/categories?post=33361"},{"taxonomy":"post_tag","embeddable":true,"href":"https:\/\/cdnoticias.com\/index.php\/wp-json\/wp\/v2\/tags?post=33361"}],"curies":[{"name":"wp","href":"https:\/\/api.w.org\/{rel}","templated":true}]}}