{"id":33348,"date":"2021-09-19T17:13:10","date_gmt":"2021-09-19T20:13:10","guid":{"rendered":"http:\/\/www.centraldenoticias.com.ar\/?p=33348"},"modified":"2021-09-19T19:34:58","modified_gmt":"2021-09-19T22:34:58","slug":"galli-ganador-aunque-tiene-su-propia-cordoba","status":"publish","type":"post","link":"https:\/\/cdnoticias.com\/index.php\/2021\/09\/19\/galli-ganador-aunque-tiene-su-propia-cordoba\/","title":{"rendered":"Galli, ganador aunque tiene su propia \u201cC\u00f3rdoba\u201d"},"content":{"rendered":"<p>Una semana despu\u00e9s, los balances. Juntos ya comenz\u00f3 a definir la campa\u00f1a que viene. En la secci\u00f3n el Intendente perdi\u00f3 pero el Pro avanz\u00f3 en estructura. Todos acert\u00f3 en localizar la campa\u00f1a. La \u201cvariable Celeste\u201d.<\/p>\n<p><!--more--><\/p>\n<hr \/>\n<p>Extracto del newsletter Volver a las Fuentes,\u00a0donde\u00a0<a href=\"https:\/\/mailchi.mp\/4b069dcc4ee0\/olavarra-amarilla-en-una-provincia-amarilla-en-un-pas?e=e4ffb04d40\" target=\"_blank\" rel=\"noopener\">se\u00a0puede acceder y suscribir ac\u00e1<\/a>.\u00a0<strong>Por Alexis Grierson y Josefina Bargas<\/strong>.<\/p>\n<p>&nbsp;<\/p>\n<p><strong>Ratificar liderazgos<\/strong><\/p>\n<p>&nbsp;<\/p>\n<p>El domingo pasadas las 16 horas el Intendente hab\u00eda hecho llegar algunos mensajes manifestando la confianza por el resultado.<strong>\u00a0\u201cVamos a dar una gran sorpresa en la Provincia\u201d\u00a0avizor\u00f3<\/strong>. Pasadas las 19 horas, Hilario Galli, secretario de Gobierno, no pod\u00eda disimular su alegr\u00eda aunque siempre trat\u00f3 de ser prudente:<em>\u00a0el boca de urna y las mesas testigos mostraban que Juntos se impon\u00eda en la ciudad, que le ganaban con tranquilidad la interna a Bel\u00e9n Vergel y la UCR, y que Bruno Cenizo era el concejal m\u00e1s votado de la elecci\u00f3n<\/em>.<\/p>\n<p>&nbsp;<\/p>\n<p>Es que si bien los dos primeros se preve\u00eda que pod\u00edan suceder con mayor tranquilidad, el tercero no estaba asegurado. Ni qu\u00e9 hablar de\u00a0<em>lo ocurrido a nivel provincial<\/em>, que le daba la frutilla del postre a una elecci\u00f3n casi casi redonda.<\/p>\n<p>&nbsp;<\/p>\n<p><img data-recalc-dims=\"1\" loading=\"lazy\" decoding=\"async\" class=\"aligncenter wp-image-33085\" src=\"https:\/\/i0.wp.com\/cdnoticias.com\/wp-content\/uploads\/2021\/09\/larreta-galli-video.jpg?resize=700%2C389&#038;ssl=1\" alt=\"\" width=\"700\" height=\"389\" srcset=\"https:\/\/i0.wp.com\/cdnoticias.com\/wp-content\/uploads\/2021\/09\/larreta-galli-video.jpg?w=800&amp;ssl=1 800w, https:\/\/i0.wp.com\/cdnoticias.com\/wp-content\/uploads\/2021\/09\/larreta-galli-video.jpg?resize=300%2C167&amp;ssl=1 300w, https:\/\/i0.wp.com\/cdnoticias.com\/wp-content\/uploads\/2021\/09\/larreta-galli-video.jpg?resize=768%2C427&amp;ssl=1 768w\" sizes=\"auto, (max-width: 700px) 100vw, 700px\" \/><\/p>\n<p>&nbsp;<\/p>\n<p>\u00bfPor qu\u00e9 casi redonda?\u00a0<a href=\"https:\/\/cdnoticias.com\/index.php\/2021\/09\/13\/robbiani-en-noviembre-vamos-a-meter-los-tres-senadores\/\" target=\"_blank\" rel=\"noopener\">Diego Robbiani no logr\u00f3 imponerse en la S\u00e9ptima<\/a> ante <strong>el radical Alejandro Cellillo, quien gan\u00f3 en la PASO seccional<\/strong>. Pero de eso hablamos luego.<\/p>\n<p>&nbsp;<\/p>\n<p>De esta forma,\u00a0<strong>la estrategia del Intendente se transformaba en un \u00e9xito<\/strong>: se puso al frente de una campa\u00f1a que no lo ten\u00eda como protagonista (no es candidato) y us\u00f3 su figura para abrirle el paso a <strong>Cenizo, Gonz\u00e1lez<\/strong> y ahora <strong>Matrella y Mosescu<\/strong> con la integraci\u00f3n de listas.<\/p>\n<p>&nbsp;<\/p>\n<p>Discursos medidos pero efusivos, una celebraci\u00f3n cargada de novedad de los \u201cJovenEz\u201d, y\u00a0<strong>la foto de la unidad: Galli, Cenizo, Cominotto, Vergel y Matrella\u00a0<\/strong>(entre muchos otros) compartieron escenario para mostrarse \u201cJuntos\u201d de cara a lo que viene.<\/p>\n<p>&nbsp;<\/p>\n<p><img data-recalc-dims=\"1\" loading=\"lazy\" decoding=\"async\" class=\"size-full wp-image-32841 aligncenter\" src=\"https:\/\/i0.wp.com\/cdnoticias.com\/wp-content\/uploads\/2021\/09\/PASO-Juntos-UCR-Pro-00.jpg?resize=800%2C445&#038;ssl=1\" alt=\"\" width=\"800\" height=\"445\" srcset=\"https:\/\/i0.wp.com\/cdnoticias.com\/wp-content\/uploads\/2021\/09\/PASO-Juntos-UCR-Pro-00.jpg?w=800&amp;ssl=1 800w, https:\/\/i0.wp.com\/cdnoticias.com\/wp-content\/uploads\/2021\/09\/PASO-Juntos-UCR-Pro-00.jpg?resize=300%2C167&amp;ssl=1 300w, https:\/\/i0.wp.com\/cdnoticias.com\/wp-content\/uploads\/2021\/09\/PASO-Juntos-UCR-Pro-00.jpg?resize=768%2C427&amp;ssl=1 768w\" sizes=\"auto, (max-width: 800px) 100vw, 800px\" \/><\/p>\n<p>&nbsp;<\/p>\n<p>Vergel tuvo un discurso muy corto; Matrella tambi\u00e9n fue muy breve, aunque se extendi\u00f3 un poco m\u00e1s. <strong>La foto era m\u00e1s importante y estaba consumada<\/strong>. M\u00e1s all\u00e1 de algunas diferencias que persisten,\u00a0ahora el trabajo ser\u00e1 ratificar la elecci\u00f3n y buscar la suma de concejales. De hecho, en el sexto lugar qued\u00f3 Vergel (por la Ley de Paridad) y algunos aspiran a que ya es un lugar \u201cl\u00edmite\u201d. Otros sectores se ven tan confiados que <strong>aspiran, incluso, a un 7-3.<\/strong><\/p>\n<p>&nbsp;<\/p>\n<p>La semana estuvo dedicada a continuar el trabajo. Nada se detuvo y\u00a0<strong>los lineamientos de cara a la Legislativa de noviembre ya comenzaron a trabajarse<\/strong>. Hubo algunos encuentros entre radicales y pro, con epicentro en el jueves, con una comitiva radical encabezada por<strong> Franco Cominotto<\/strong> que se reuni\u00f3 con otra comitiva encabezada por <strong>el Intendente<\/strong>.<\/p>\n<p>&nbsp;<\/p>\n<p>Desde el espacio del Intendente deslizaron en <strong>\u201cno quedarse con el resultado\u201d y\u00a0\u201csalir a buscar los votos\u201d<\/strong>. En charlas con este newsletter, indicaron que\u00a0<strong>\u201cconfiamos en el votante de Manes que nos va a seguir acompa\u00f1ando pero tambi\u00e9n estimamos que muchos que no fueron a votar lo har\u00e1n en noviembre, y por nosotros\u201d<\/strong>\u00a0adem\u00e1s de que\u00a0\u201clos votos sueltos tienden a votar espacios similares al nuestro, y trataremos de presentarle una alternativa que acompa\u00f1en\u201d. En pocas palabras, creen que tienen mucho por \u201crascar\u201d de todo lo suelto que qued\u00f3 post PASO.<\/p>\n<p>&nbsp;<\/p>\n<p><strong>Falta marcar un asterisco<\/strong><\/p>\n<p>&nbsp;<\/p>\n<p>Si el Intendente ratific\u00f3 liderazgos, est\u00e1 claro que el de la S\u00e9ptima lo mantendr\u00e1 pero con un peque\u00f1o asterisco: <strong>a\u00fan le falta la gran victoria seccional<\/strong> que le ratifique ese lugar. En esta PASO\u00a0<a href=\"https:\/\/cdnoticias.com\/index.php\/2021\/09\/12\/alejandro-cellillo-le-gana-la-interna-de-senadores-provinciales-a-robbiani\/\" target=\"_blank\" rel=\"noopener\">el radical Cellillo le gan\u00f3 por muy poco a Diego Robbiani y encabezar\u00e1 la lista<\/a>.<\/p>\n<p>&nbsp;<\/p>\n<p><img data-recalc-dims=\"1\" loading=\"lazy\" decoding=\"async\" class=\"size-full wp-image-32830 aligncenter\" src=\"https:\/\/i0.wp.com\/cdnoticias.com\/wp-content\/uploads\/2021\/09\/PASO-2021-VOTO-ALE-CELLILLOthumbnail_IMG_0123.jpg?resize=800%2C533&#038;ssl=1\" alt=\"\" width=\"800\" height=\"533\" srcset=\"https:\/\/i0.wp.com\/cdnoticias.com\/wp-content\/uploads\/2021\/09\/PASO-2021-VOTO-ALE-CELLILLOthumbnail_IMG_0123.jpg?w=960&amp;ssl=1 960w, https:\/\/i0.wp.com\/cdnoticias.com\/wp-content\/uploads\/2021\/09\/PASO-2021-VOTO-ALE-CELLILLOthumbnail_IMG_0123.jpg?resize=300%2C200&amp;ssl=1 300w, https:\/\/i0.wp.com\/cdnoticias.com\/wp-content\/uploads\/2021\/09\/PASO-2021-VOTO-ALE-CELLILLOthumbnail_IMG_0123.jpg?resize=768%2C512&amp;ssl=1 768w, https:\/\/i0.wp.com\/cdnoticias.com\/wp-content\/uploads\/2021\/09\/PASO-2021-VOTO-ALE-CELLILLOthumbnail_IMG_0123.jpg?resize=272%2C182&amp;ssl=1 272w\" sizes=\"auto, (max-width: 800px) 100vw, 800px\" \/><\/p>\n<p>&nbsp;<\/p>\n<p>Algunos dijeron que Cellillo estaba sorprendido por\u00a0los motes de \u201cbatacazo\u201d y \u201csorpresa\u201d\u00a0con los que se titul\u00f3 en Olavarr\u00eda:<strong>\u00a0la estructura radical de la S\u00e9ptima sumado a lo atractivo de la candidatura de Manes<\/strong> (ratificada en n\u00fameros) le vali\u00f3 para ganar.<\/p>\n<p>&nbsp;<\/p>\n<p>Y apareci\u00f3, tambi\u00e9n,<strong>\u00a0la \u201cC\u00f3rdoba\u201d de Galli<\/strong>: \u00bfse acuerdan del balotaje de 2015 donde Mauricio Macri gan\u00f3 por la diferencia que le representaban los votos de la Provincia de C\u00f3rdoba? Bueno, la C\u00f3rdoba del Pro fue\u00a0lo sucedido <strong>en Azul, donde la UCR s\u00ed dio un batacazo<\/strong> y le gan\u00f3 la PASO al Intendente Bertellys, quien llevaba a su secretario de Gobierno, Alejandro Vieyra, como candidato a concejal.<\/p>\n<p>&nbsp;<\/p>\n<p>Los balances del domingo por la noche y los d\u00edas posteriores pasaron por ah\u00ed: no se hizo mala campa\u00f1a, pasa que\u00a0<strong>en Azul la gesti\u00f3n lleva otro desgaste<\/strong>.<\/p>\n<p>&nbsp;<\/p>\n<p><img data-recalc-dims=\"1\" loading=\"lazy\" decoding=\"async\" class=\"size-large wp-image-29434 aligncenter\" src=\"https:\/\/i0.wp.com\/cdnoticias.com\/wp-content\/uploads\/2021\/08\/galliazul-3.jpg?resize=800%2C378&#038;ssl=1\" alt=\"\" width=\"800\" height=\"378\" srcset=\"https:\/\/i0.wp.com\/cdnoticias.com\/wp-content\/uploads\/2021\/08\/galliazul-3.jpg?resize=1024%2C484&amp;ssl=1 1024w, https:\/\/i0.wp.com\/cdnoticias.com\/wp-content\/uploads\/2021\/08\/galliazul-3.jpg?resize=300%2C142&amp;ssl=1 300w, https:\/\/i0.wp.com\/cdnoticias.com\/wp-content\/uploads\/2021\/08\/galliazul-3.jpg?resize=768%2C363&amp;ssl=1 768w, https:\/\/i0.wp.com\/cdnoticias.com\/wp-content\/uploads\/2021\/08\/galliazul-3.jpg?w=1600&amp;ssl=1 1600w\" sizes=\"auto, (max-width: 800px) 100vw, 800px\" \/><\/p>\n<p>&nbsp;<\/p>\n<p><strong>En el resto de los distritos, seg\u00fan fuentes de Juntos del ala Pro, todo fue ganancia<\/strong>: se formaron grupos nuevos, se presentaron listas y se armaron estructuras donde antes no las hab\u00eda.\u00a0<em>\u201cCon el tiempo, de esta interna con el radicalismo haber podido armar nuevos grupos ser\u00e1 nuestra fortaleza\u201d<\/em>\u00a0se explic\u00f3. Es decir,\u00a0el Pro ahora tiene<strong> una mayor estructura y ampli\u00f3 su alcance territorial.<\/strong><\/p>\n<p>&nbsp;<\/p>\n<p>De todos modos, el radicalismo impuso su propia estructura:\u00a0<strong>Cellillo estaba seguro desde el d\u00eda 1 que ten\u00eda que encabezar por su experiencia y por su origen partidario<\/strong>, y las urnas le dieron la raz\u00f3n. Adem\u00e1s, aunque suene reiterativo, lo atractivo de Facundo Manes ayud\u00f3 con un empuj\u00f3n a las listas que le dieron, ahora, el primer lugar en la lista de senadores provinciales<\/p>\n<p>&nbsp;<\/p>\n<p>Adem\u00e1s,\u00a0<strong>Robbiani no qued\u00f3 afuera: ocupar\u00e1 el tercer lugar<\/strong>\u00a0y depender\u00e1 de una buena campa\u00f1a sumado a que el Frente de Todos no supere el 33% para alcanzar esa banca, la que le permitir\u00e1 al Intendente Galli tener un nombre propio en la Legislatura bonaerense.<\/p>\n<p>&nbsp;<\/p>\n<p><img data-recalc-dims=\"1\" loading=\"lazy\" decoding=\"async\" class=\"size-large wp-image-32561 aligncenter\" src=\"https:\/\/i0.wp.com\/cdnoticias.com\/wp-content\/uploads\/2021\/09\/WhatsApp-Image-2021-09-12-at-10.07.27.jpeg?resize=800%2C600&#038;ssl=1\" alt=\"\" width=\"800\" height=\"600\" srcset=\"https:\/\/i0.wp.com\/cdnoticias.com\/wp-content\/uploads\/2021\/09\/WhatsApp-Image-2021-09-12-at-10.07.27.jpeg?resize=1024%2C768&amp;ssl=1 1024w, https:\/\/i0.wp.com\/cdnoticias.com\/wp-content\/uploads\/2021\/09\/WhatsApp-Image-2021-09-12-at-10.07.27.jpeg?resize=300%2C225&amp;ssl=1 300w, https:\/\/i0.wp.com\/cdnoticias.com\/wp-content\/uploads\/2021\/09\/WhatsApp-Image-2021-09-12-at-10.07.27.jpeg?resize=768%2C576&amp;ssl=1 768w, https:\/\/i0.wp.com\/cdnoticias.com\/wp-content\/uploads\/2021\/09\/WhatsApp-Image-2021-09-12-at-10.07.27.jpeg?w=1600&amp;ssl=1 1600w\" sizes=\"auto, (max-width: 800px) 100vw, 800px\" \/><\/p>\n<p>&nbsp;<\/p>\n<p><strong>Localizar la campa\u00f1a y su resultado<\/strong><\/p>\n<p>&nbsp;<\/p>\n<p>El Frente de Todos no logr\u00f3 el objetivo y no tuvo buenas noticias m\u00e1s arriba: la derrota de Tolosa Paz fue un golpe duro, m\u00e1s all\u00e1 de que\u00a0<strong>la localizaci\u00f3n de la campa\u00f1a de Maxi Wesner rindi\u00f3 frutos<\/strong>.<\/p>\n<p>&nbsp;<\/p>\n<p>Al contrario de lo sucedido en Juntos, hubo mucha m\u00e1s prudencia en el espacio partidario de calle Necochea. Como dijimos antes,\u00a0<strong>la chance de que Wesner sea el concejal m\u00e1s votado estaba muy cercana\u00a0y se aspiraba a eso<\/strong>.\u00a0<a href=\"https:\/\/cdnoticias.com\/index.php\/2021\/09\/13\/la-victoria-de-juntos-por-casi-50-ventaja-marcadisima-y-tercera-fuerza-sorpresa\/\" target=\"_blank\" rel=\"noopener\">Por 1.239 votos, esto no fue posible<\/a>.<\/p>\n<p>&nbsp;<\/p>\n<p>Sin embargo, <strong>no todo fue lamentos<\/strong>:\u00a0hubo un balance positivo de la campa\u00f1a, que insistimos en que fue localizada m\u00e1s all\u00e1 de las numerosas visitas de referentes provinciales y nacionales (vino Axel Kicillof en dos oportunidades y Alberto Fern\u00e1ndez):<strong>\u00a0fue Maxi Wesner + 9 precandidatos<\/strong>, como se dir\u00eda en el f\u00fatbol.<\/p>\n<p>&nbsp;<\/p>\n<p><img data-recalc-dims=\"1\" loading=\"lazy\" decoding=\"async\" class=\"size-large wp-image-32592 aligncenter\" src=\"https:\/\/i0.wp.com\/cdnoticias.com\/wp-content\/uploads\/2021\/09\/PASOWesner2.jpeg?resize=800%2C600&#038;ssl=1\" alt=\"\" width=\"800\" height=\"600\" srcset=\"https:\/\/i0.wp.com\/cdnoticias.com\/wp-content\/uploads\/2021\/09\/PASOWesner2.jpeg?resize=1024%2C768&amp;ssl=1 1024w, https:\/\/i0.wp.com\/cdnoticias.com\/wp-content\/uploads\/2021\/09\/PASOWesner2.jpeg?resize=300%2C225&amp;ssl=1 300w, https:\/\/i0.wp.com\/cdnoticias.com\/wp-content\/uploads\/2021\/09\/PASOWesner2.jpeg?resize=768%2C576&amp;ssl=1 768w, https:\/\/i0.wp.com\/cdnoticias.com\/wp-content\/uploads\/2021\/09\/PASOWesner2.jpeg?w=1280&amp;ssl=1 1280w\" sizes=\"auto, (max-width: 800px) 100vw, 800px\" \/><\/p>\n<p>&nbsp;<\/p>\n<p><a href=\"https:\/\/cdnoticias.com\/index.php\/2021\/09\/12\/maximiliano-wesner-iremos-a-buscar-los-votos-casa-por-casa\/\" target=\"_blank\" rel=\"noopener\">El propio Wesner en su balance hizo el mismo an\u00e1lisis<\/a>:\u00a0<strong>\u201csoy un candidato nuevo, en mi primera campa\u00f1a el espacio lleg\u00f3 a los 30 puntos y quedamos a 1.200 votos del candidato del Intendente\u201d<\/strong>. El objetivo, podr\u00eda decirse, estaba cumplido en cierto aspecto. Sobre todo si lo trasladamos a otro detalle, dado que<strong>\u00a0Wesner efectivamente sac\u00f3 m\u00e1s votos en Olavarr\u00eda que Victoria Tolosa Paz. Incluso, que Eduardo \u201cBali\u201d Bucca<\/strong>.<\/p>\n<p>&nbsp;<\/p>\n<p>Ahora, queda encarar noviembre. A diferencia de Juntos, el Frente de Todos (con Maxi Wesner a la cabeza, dado que fue el \u00fanico orador que esta semana habl\u00f3 p\u00fablicamente)\u00a0<strong>creen que se pueden \u201cpescar\u201d muchos votos en ciudadanos que acompa\u00f1aron a Facundo Manes y tambi\u00e9n otros espacios opositores<\/strong> al gobierno municipal.\u00a0\u201cEse voto est\u00e1 en contra de Ezequiel Galli, si no, lo hubiese votado. Ese votante debe saber que somos la alternativa al gobierno del Intendente\u201d. Es decir, la polarizaci\u00f3n llevada al extremo.<\/p>\n<p>&nbsp;<\/p>\n<p>De todos modos,\u00a0<strong>fue una semana m\u00e1s de recalcular<\/strong>. Y ser testigos, como lo fuimos nosotros, del l\u00edo que se arm\u00f3 en el Frente de Todos nacional. Ahora <a href=\"https:\/\/cdnoticias.com\/index.php\/2021\/09\/18\/el-presidente-anuncio-nuevos-ministros-manzur-jefe-de-gabinete-y-anibal-fernandez-a-seguridad\/\" target=\"_blank\" rel=\"noopener\">con gabinete presidencial nuevo<\/a>, con sugerencias aceptadas y otras no tanto, se juntan las cartas y se baraja de nuevo. Probablemente se ver\u00e1n movimientos m\u00e1s concretos en los pr\u00f3ximos d\u00edas.<\/p>\n<p>&nbsp;<\/p>\n<p><img data-recalc-dims=\"1\" loading=\"lazy\" decoding=\"async\" class=\"size-full wp-image-32736 aligncenter\" src=\"https:\/\/i0.wp.com\/cdnoticias.com\/wp-content\/uploads\/2021\/09\/Wesner.jpg?resize=800%2C445&#038;ssl=1\" alt=\"\" width=\"800\" height=\"445\" srcset=\"https:\/\/i0.wp.com\/cdnoticias.com\/wp-content\/uploads\/2021\/09\/Wesner.jpg?w=800&amp;ssl=1 800w, https:\/\/i0.wp.com\/cdnoticias.com\/wp-content\/uploads\/2021\/09\/Wesner.jpg?resize=300%2C167&amp;ssl=1 300w, https:\/\/i0.wp.com\/cdnoticias.com\/wp-content\/uploads\/2021\/09\/Wesner.jpg?resize=768%2C427&amp;ssl=1 768w\" sizes=\"auto, (max-width: 800px) 100vw, 800px\" \/><\/p>\n<p>&nbsp;<\/p>\n<p><strong>Saluden a las sorpresas<\/strong><\/p>\n<p>&nbsp;<\/p>\n<p><strong>Celeste Arouxet dio, s\u00ed, un batacazo: super\u00f3 con creces sus propias expectativas<\/strong>, qued\u00f3 cerca del 8% de los votos (<em>\u00bfa las puertas del ingreso de un concejal?<\/em>) y el dato m\u00e1s fuerte es que\u00a0su candidatura cosech\u00f3 300 votos m\u00e1s que su referente Espert y casi 500 m\u00e1s que sus candidatos a senadores provinciales.<\/p>\n<p>&nbsp;<\/p>\n<p>L\u00e1grimas, mucha emoci\u00f3n y promesa de ir por m\u00e1s: as\u00ed Arouxet vivi\u00f3 las horas posteriores de conocer un resultado de Avanza Libertad que pr\u00e1cticamente nadie esperaba. Es decir,<strong>\u00a0existi\u00f3 el voto local y no todo fue \u201carrastre\u201d nacional como se proyectaba a priori\u00a0y esta fue la sorpresa dentro de la sorpresa<\/strong>. Es que d\u00edas antes de las PASO, desde sectores que hicieron encuestas adelantaban que Espert crec\u00eda en Olavarr\u00eda pero pon\u00edan en duda la posibilidad de la actual concejal de cosechar votos propios.<\/p>\n<p>&nbsp;<\/p>\n<p><img data-recalc-dims=\"1\" loading=\"lazy\" decoding=\"async\" class=\"size-full wp-image-32784 aligncenter\" src=\"https:\/\/i0.wp.com\/cdnoticias.com\/wp-content\/uploads\/2021\/09\/Arouxet.jpg?resize=800%2C445&#038;ssl=1\" alt=\"\" width=\"800\" height=\"445\" srcset=\"https:\/\/i0.wp.com\/cdnoticias.com\/wp-content\/uploads\/2021\/09\/Arouxet.jpg?w=800&amp;ssl=1 800w, https:\/\/i0.wp.com\/cdnoticias.com\/wp-content\/uploads\/2021\/09\/Arouxet.jpg?resize=300%2C167&amp;ssl=1 300w, https:\/\/i0.wp.com\/cdnoticias.com\/wp-content\/uploads\/2021\/09\/Arouxet.jpg?resize=768%2C427&amp;ssl=1 768w\" sizes=\"auto, (max-width: 800px) 100vw, 800px\" \/><\/p>\n<p>&nbsp;<\/p>\n<p>Restar\u00e1 ver qu\u00e9 pasar\u00e1 <strong>pensando en noviembre, dado que\u00a0hay dos escenarios<\/strong>: puede elevarse el piso para ingreso a un concejal (se estima que la participaci\u00f3n podr\u00eda crecer, m\u00ednimo, m\u00e1s de 8 puntos) y puede cooptar un votante de Facundo Manes que integrar\u00e1 con Diego Santilli y tambi\u00e9n de espacios de derecha que quedaron afuera de la PASO. O perder\u00e1 votos por tener un votante con otro objetivo legislativo en noviembre y ante un escenario de mayor polarizaci\u00f3n entre las fuerzas principales.<\/p>\n<p>&nbsp;<\/p>\n<p>Lo concreto es que\u00a0<strong>\u201cla variable Celeste\u201d puede armar carambolas con la distribuci\u00f3n de bancas<\/strong>. Deber\u00e1 alcanzar el 10% de los votos v\u00e1lidos para alcanzar una banca. Pero a prestar atenci\u00f3n: los pisos suelen hasta duplicar el resultado que sac\u00f3 Arouxet el domingo pasado. Habr\u00e1 que redoblar mucho los esfuerzos.<\/p>\n<p>&nbsp;<\/p>\n<p><strong>Algunos datos duros<\/strong><\/p>\n<p>&nbsp;<\/p>\n<p>De los comportamientos generales del electorado local vamos a se\u00f1alar por un lado\u00a0<strong>la baja participaci\u00f3n<\/strong> (67% m\u00e1s o menos)\u00a0en l\u00ednea con\u00a0lo que pas\u00f3 en todo el pa\u00eds. El voto en blanco\u00a0fue de 2,95% en el cuerpo nacional, de 6,58% en el provincial y 7,44% en el cuerpo local:\u00a0<strong>los olavarrienses fueron m\u00e1s decididos a rechazar al oficialismo nacional<\/strong> que su definici\u00f3n de qu\u00e9 hacer con las listas a concejales.<\/p>\n<p>&nbsp;<\/p>\n<p>Y entonces hablemos de\u00a0<strong>corte: la verdad que fue bajo en general<\/strong>. <em>En \u201cLa lista de Ezequiel\u201d, Frente de Todos y Avanza Libertad, oper\u00f3 de abajo hacia arriba: los cuerpos locales fueron m\u00e1s votados. En Dar el Paso, el FIT y Vamos con Vos oper\u00f3 en sentido inverso: las listas nacionales cosecharon m\u00e1s votos<\/em>.<\/p>\n<p>&nbsp;<\/p>\n<p><img data-recalc-dims=\"1\" loading=\"lazy\" decoding=\"async\" class=\"size-large wp-image-32655 aligncenter\" src=\"https:\/\/i0.wp.com\/cdnoticias.com\/wp-content\/uploads\/2021\/09\/WhatsApp-Image-2021-09-12-at-11.35.21-1.jpeg?resize=800%2C445&#038;ssl=1\" alt=\"\" width=\"800\" height=\"445\" srcset=\"https:\/\/i0.wp.com\/cdnoticias.com\/wp-content\/uploads\/2021\/09\/WhatsApp-Image-2021-09-12-at-11.35.21-1.jpeg?resize=1024%2C570&amp;ssl=1 1024w, https:\/\/i0.wp.com\/cdnoticias.com\/wp-content\/uploads\/2021\/09\/WhatsApp-Image-2021-09-12-at-11.35.21-1.jpeg?resize=300%2C167&amp;ssl=1 300w, https:\/\/i0.wp.com\/cdnoticias.com\/wp-content\/uploads\/2021\/09\/WhatsApp-Image-2021-09-12-at-11.35.21-1.jpeg?resize=768%2C427&amp;ssl=1 768w, https:\/\/i0.wp.com\/cdnoticias.com\/wp-content\/uploads\/2021\/09\/WhatsApp-Image-2021-09-12-at-11.35.21-1.jpeg?resize=800%2C445&amp;ssl=1 800w, https:\/\/i0.wp.com\/cdnoticias.com\/wp-content\/uploads\/2021\/09\/WhatsApp-Image-2021-09-12-at-11.35.21-1.jpeg?w=1600&amp;ssl=1 1600w\" sizes=\"auto, (max-width: 800px) 100vw, 800px\" \/><\/p>\n<p>&nbsp;<\/p>\n<p><strong>Juntos gan\u00f3 sin lugar a dudas en 20 de los 22 circuitos locales<\/strong>\u00a0(<a href=\"https:\/\/cdnoticias.com\/index.php\/2021\/09\/15\/un-mapa-casi-todo-amarillo-como-votaron-los-olavarrienses\/\" target=\"_blank\" rel=\"noopener\">ac\u00e1 ves todos los datos por circuito en un mapa<\/a>) y la diferencia con Todos fue de 20 puntos. Pero en l\u00edneas generales, podemos decir que\u00a0<strong>en la ciudad cabecera cuanto m\u00e1s cerca del centro, mejor le fue a Juntos. Y tambi\u00e9n la misma zona es la que dej\u00f3 los mejores resultados para Avanza Libertad<\/strong>. Y al rev\u00e9s\u00a0<strong>para el Frente de Todos: cuanto m\u00e1s a la periferia, mejor el resultado<\/strong>.<\/p>\n<p>&nbsp;<\/p>\n<p><strong>En la PASO de Juntos se impuso Bruno Cenizo con total claridad<\/strong> en todos lados. Pero el desempe\u00f1o de Dar el Paso fue un aporte important\u00edsimo: es que tambi\u00e9n, en todos los circuitos sum\u00f3 votos.<\/p>\n<p>&nbsp;<\/p>\n<p><img data-recalc-dims=\"1\" loading=\"lazy\" decoding=\"async\" class=\"size-full wp-image-33018 aligncenter\" src=\"https:\/\/i0.wp.com\/cdnoticias.com\/wp-content\/uploads\/2021\/09\/resultados-paso.jpg?resize=800%2C445&#038;ssl=1\" alt=\"\" width=\"800\" height=\"445\" srcset=\"https:\/\/i0.wp.com\/cdnoticias.com\/wp-content\/uploads\/2021\/09\/resultados-paso.jpg?w=800&amp;ssl=1 800w, https:\/\/i0.wp.com\/cdnoticias.com\/wp-content\/uploads\/2021\/09\/resultados-paso.jpg?resize=300%2C167&amp;ssl=1 300w, https:\/\/i0.wp.com\/cdnoticias.com\/wp-content\/uploads\/2021\/09\/resultados-paso.jpg?resize=768%2C427&amp;ssl=1 768w\" sizes=\"auto, (max-width: 800px) 100vw, 800px\" \/><\/p>\n<p>&nbsp;<\/p>\n<p>Ahora, si hablamos de\u00a0\u201cla lista m\u00e1s votada\u201d\u00a0hubo sorpresas:\u00a0<strong>los circuitos 711C, 711D y 711E tuvieron a Maximiliano Wesner como quien cosech\u00f3 m\u00e1s apoyos individualmente<\/strong>. Son las zonas donde m\u00e1s tradici\u00f3n hay de voto al peronismo. Y ojo,<em> en las PASO de 2019 pas\u00f3 algo muy parecido y para la general Juntos por el Cambio logr\u00f3 arrastrar m\u00e1s votos y dar vuelta el resultado<\/em>.<\/p>\n<p>&nbsp;<\/p>\n<p>En las localidades tambi\u00e9n.\u00a0<strong>Sierras Bayas y Colonia San Miguel le dieron la victoria a Todos<\/strong>. <strong>Las restantes zonas, a Juntos<\/strong>. Y asimismo, en Hinojo y Loma Negra, Wesner fue \u201cel m\u00e1s votado\u201d.<\/p>\n<p>&nbsp;<\/p>\n<p>\u00bfLa proyecci\u00f3n?\u00a0<a href=\"https:\/\/cdnoticias.com\/index.php\/2021\/09\/14\/nuevo-escenario-en-noviembre-unos-2-500-electores-se-quedaron-sin-sus-candidatos-en-olavarria\/\" target=\"_blank\" rel=\"noopener\">Hay unos 7.500 votos que quedaron \u201csueltos\u201d<\/a>\u00a0entre\u00a0los que votaron en blanco y los que votaron a listas que no superaron el corte. Y a ellos debe sumarse los que no fueron a votar ahora y s\u00ed lo har\u00e1n en noviembre:\u00a0entre 9.000 y 13.000 ciudadanos m\u00e1s quedan por asistir a las urnas\u00a0para alcanzar una participaci\u00f3n dentro del promedio.<\/p>\n<p>&nbsp;<\/p>\n<p><img data-recalc-dims=\"1\" loading=\"lazy\" decoding=\"async\" class=\"size-large wp-image-32918 aligncenter\" src=\"https:\/\/i0.wp.com\/cdnoticias.com\/wp-content\/uploads\/2021\/09\/elecciones-PASO-2021-06.jpg?resize=800%2C445&#038;ssl=1\" alt=\"\" width=\"800\" height=\"445\" srcset=\"https:\/\/i0.wp.com\/cdnoticias.com\/wp-content\/uploads\/2021\/09\/elecciones-PASO-2021-06.jpg?resize=1024%2C570&amp;ssl=1 1024w, https:\/\/i0.wp.com\/cdnoticias.com\/wp-content\/uploads\/2021\/09\/elecciones-PASO-2021-06.jpg?resize=300%2C167&amp;ssl=1 300w, https:\/\/i0.wp.com\/cdnoticias.com\/wp-content\/uploads\/2021\/09\/elecciones-PASO-2021-06.jpg?resize=768%2C428&amp;ssl=1 768w, https:\/\/i0.wp.com\/cdnoticias.com\/wp-content\/uploads\/2021\/09\/elecciones-PASO-2021-06.jpg?resize=800%2C445&amp;ssl=1 800w, https:\/\/i0.wp.com\/cdnoticias.com\/wp-content\/uploads\/2021\/09\/elecciones-PASO-2021-06.jpg?w=1318&amp;ssl=1 1318w\" sizes=\"auto, (max-width: 800px) 100vw, 800px\" \/><\/p>\n<p>&nbsp;<\/p>\n<p><strong>Es un gran misterio c\u00f3mo se mover\u00e1n, incluso si\u00a0Juntos podr\u00e1 retener todos los votos de la interna<\/strong>. A priori se estima que ser\u00e1 as\u00ed. Y tambi\u00e9n, incluso en base a elecciones anteriores, hay que se\u00f1alar que\u00a0<strong>el piso y el techo del Frente de Todos no tienen mucha diferencia<\/strong>. A su vez, es cierto que cada a\u00f1o electoral entre la primaria y la general el padr\u00f3n crece y muchos de<strong> los\u00a0\u201cnuevos votantes\u201d se inclinan por el oficialismo<\/strong>.<\/p>\n<p>&nbsp;<\/p>\n<p>No podemos proyectar mucho m\u00e1s acerca de qu\u00e9 va a pasar, pero hablemos de lo que pas\u00f3.\u00a0<strong>En las \u00faltimas cuatro PASO, Juntos (o Cambiemos o Juntos por el Cambio) viene mostrando un sostenido aumento de votos<\/strong>. Entre 2019 y ahora cosecharon 3.000 votos m\u00e1s.\u00a0<strong>Argumentan que han logrado captar el electorado eseverrista<\/strong>.<\/p>\n<p>&nbsp;<\/p>\n<p>En cambio<strong> Todos (o Frente para la Victoria o Uni\u00f3n Ciudadana) muestra un volumen de votos muy cambiante seg\u00fan sea una elecci\u00f3n legislativa o una ejecutiva<\/strong>, con mucha mayor convocatoria para las segundas. Igualmente, la tendencia es la contraria:\u00a0<strong>elecci\u00f3n a elecci\u00f3n, el kirchnerismo pierden caudal<\/strong>. Si se compara la PASO 2019 con la PASO 2021 la ca\u00edda es de 6.000 votos.<\/p>\n<p>&nbsp;<\/p>\n<p><img data-recalc-dims=\"1\" loading=\"lazy\" decoding=\"async\" class=\"size-full wp-image-32925 aligncenter\" src=\"https:\/\/i0.wp.com\/cdnoticias.com\/wp-content\/uploads\/2021\/09\/DIB-boletas-elecciones-3-696x464.jpg?resize=696%2C464&#038;ssl=1\" alt=\"\" width=\"696\" height=\"464\" srcset=\"https:\/\/i0.wp.com\/cdnoticias.com\/wp-content\/uploads\/2021\/09\/DIB-boletas-elecciones-3-696x464.jpg?resize=696%2C464&amp;ssl=1 696w, https:\/\/i0.wp.com\/cdnoticias.com\/wp-content\/uploads\/2021\/09\/DIB-boletas-elecciones-3-696x464.jpg?resize=300%2C200&amp;ssl=1 300w, https:\/\/i0.wp.com\/cdnoticias.com\/wp-content\/uploads\/2021\/09\/DIB-boletas-elecciones-3-696x464.jpg?resize=272%2C182&amp;ssl=1 272w\" sizes=\"auto, (max-width: 696px) 100vw, 696px\" \/><\/p>\n<p>&nbsp;<\/p>\n<p><strong>Un extracto<\/strong><\/p>\n<p>&nbsp;<\/p>\n<p>Estos temas, y otros m\u00e1s de la actualidad del \u00e1mbito pol\u00edtico local, se publicaron en la edici\u00f3n de este domingo del <strong>newsletter\u00a0Volver a las Fuentes<\/strong>\u00a0\u2013en esta edici\u00f3n,\u00a0<strong>\u201cOlavarr\u00eda amarilla, en una provincia amarilla, en un pa\u00eds &#8230;\u201d<\/strong>\u00a0\u2013 que escriben semanalmente\u00a0<strong>Alexis Grierson\u00a0y\u00a0Josefina Bargas<\/strong>.<\/p>\n<p>&nbsp;<\/p>\n<p>La publicaci\u00f3n es gratuita, sale todos los domingos a la ma\u00f1ana.\u00a0La <a href=\"https:\/\/mailchi.mp\/4b069dcc4ee0\/olavarra-amarilla-en-una-provincia-amarilla-en-un-pas?e=e4ffb04d40\" target=\"_blank\" rel=\"noopener\">edici\u00f3n completa ac\u00e1<\/a>\u00a0y la\u00a0<a href=\"https:\/\/gmail.us17.list-manage.com\/subscribe?u=cba2a41506a8e26d100c3f0f8&amp;id=63ce583cd9\" target=\"_blank\" rel=\"noopener\">suscripci\u00f3n est\u00e1 abierta aqu\u00ed<\/a>.<\/p>\n","protected":false},"excerpt":{"rendered":"<p>Una semana despu\u00e9s, los balances. Juntos ya comenz\u00f3 a definir la campa\u00f1a que viene. En la secci\u00f3n el Intendente perdi\u00f3<\/p>\n","protected":false},"author":4,"featured_media":33336,"comment_status":"closed","ping_status":"closed","sticky":false,"template":"","format":"standard","meta":{"_jetpack_memberships_contains_paid_content":false,"footnotes":""},"categories":[4,1],"tags":[],"class_list":["post-33348","post","type-post","status-publish","format-standard","has-post-thumbnail","hentry","category-politica","category-portada"],"jetpack_featured_media_url":"https:\/\/i0.wp.com\/cdnoticias.com\/wp-content\/uploads\/2021\/09\/PASO-2021-unidad-juntos.jpeg?fit=1280%2C954&ssl=1","jetpack_sharing_enabled":true,"_links":{"self":[{"href":"https:\/\/cdnoticias.com\/index.php\/wp-json\/wp\/v2\/posts\/33348","targetHints":{"allow":["GET"]}}],"collection":[{"href":"https:\/\/cdnoticias.com\/index.php\/wp-json\/wp\/v2\/posts"}],"about":[{"href":"https:\/\/cdnoticias.com\/index.php\/wp-json\/wp\/v2\/types\/post"}],"author":[{"embeddable":true,"href":"https:\/\/cdnoticias.com\/index.php\/wp-json\/wp\/v2\/users\/4"}],"replies":[{"embeddable":true,"href":"https:\/\/cdnoticias.com\/index.php\/wp-json\/wp\/v2\/comments?post=33348"}],"version-history":[{"count":0,"href":"https:\/\/cdnoticias.com\/index.php\/wp-json\/wp\/v2\/posts\/33348\/revisions"}],"wp:featuredmedia":[{"embeddable":true,"href":"https:\/\/cdnoticias.com\/index.php\/wp-json\/wp\/v2\/media\/33336"}],"wp:attachment":[{"href":"https:\/\/cdnoticias.com\/index.php\/wp-json\/wp\/v2\/media?parent=33348"}],"wp:term":[{"taxonomy":"category","embeddable":true,"href":"https:\/\/cdnoticias.com\/index.php\/wp-json\/wp\/v2\/categories?post=33348"},{"taxonomy":"post_tag","embeddable":true,"href":"https:\/\/cdnoticias.com\/index.php\/wp-json\/wp\/v2\/tags?post=33348"}],"curies":[{"name":"wp","href":"https:\/\/api.w.org\/{rel}","templated":true}]}}