{"id":33302,"date":"2021-09-19T10:15:45","date_gmt":"2021-09-19T13:15:45","guid":{"rendered":"http:\/\/www.centraldenoticias.com.ar\/?p=33302"},"modified":"2021-09-19T10:25:33","modified_gmt":"2021-09-19T13:25:33","slug":"un-motociclista-tuvo-lesiones-choco-con-una-columna","status":"publish","type":"post","link":"https:\/\/cdnoticias.com\/index.php\/2021\/09\/19\/un-motociclista-tuvo-lesiones-choco-con-una-columna\/","title":{"rendered":"Un motociclista tuvo lesiones: choc\u00f3 con una columna"},"content":{"rendered":"<p>Fue antes de las 9 de este domingo en Ituzaing\u00f3 y Trabajadores. Intervino una dotaci\u00f3n de Bomberos para colaborar en retirarlo de debajo de la moto. Tuvo lesiones de consideraci\u00f3n.<!--more--><\/p>\n<hr \/>\n<p><strong>Un motociclista sufri\u00f3 lesiones de consideraci\u00f3n en la ma\u00f1ana de este domingo<\/strong>.<\/p>\n<p>&nbsp;<\/p>\n<p>El siniestro se dio en <strong>Ituzaing\u00f3 y Trabajadores poco antes de las 9: la moto impact\u00f3 contra una columna<\/strong> sobre la vereda sur del cruce donde hay una rotonda.<\/p>\n<p>&nbsp;<\/p>\n<p><img data-recalc-dims=\"1\" loading=\"lazy\" decoding=\"async\" class=\"size-full wp-image-33304 aligncenter\" src=\"https:\/\/i0.wp.com\/cdnoticias.com\/wp-content\/uploads\/2021\/09\/choque-ituzaingo-y-trabajadores-01.jpg?resize=800%2C445&#038;ssl=1\" alt=\"\" width=\"800\" height=\"445\" srcset=\"https:\/\/i0.wp.com\/cdnoticias.com\/wp-content\/uploads\/2021\/09\/choque-ituzaingo-y-trabajadores-01.jpg?w=800&amp;ssl=1 800w, https:\/\/i0.wp.com\/cdnoticias.com\/wp-content\/uploads\/2021\/09\/choque-ituzaingo-y-trabajadores-01.jpg?resize=300%2C167&amp;ssl=1 300w, https:\/\/i0.wp.com\/cdnoticias.com\/wp-content\/uploads\/2021\/09\/choque-ituzaingo-y-trabajadores-01.jpg?resize=768%2C427&amp;ssl=1 768w\" sizes=\"auto, (max-width: 800px) 100vw, 800px\" \/><\/p>\n<p>&nbsp;<\/p>\n<p><strong>Una dotaci\u00f3n de Bomberos fue convocada al lugar para colaborar en retirar al motociclista<\/strong> quien estaba apretado debajo del rodado. Trabaj\u00f3 la unidad al mando del <strong>ayudante mayor Rafael Mart\u00ednez<\/strong> entre las 9 y las 9.20 que, adem\u00e1s, cort\u00f3 la electricidad y la nafta del rodado.<\/p>\n<p>&nbsp;<\/p>\n<p>La v\u00edctima fue retirada por una ambulancia hacia el Hospital Municipal. <strong>Desde el centro de salud se indic\u00f3 que el paciente sufri\u00f3 lesiones de consideraci\u00f3n<\/strong>.<\/p>\n<p>&nbsp;<\/p>\n<p><img data-recalc-dims=\"1\" loading=\"lazy\" decoding=\"async\" class=\"alignnone size-full wp-image-33305\" src=\"https:\/\/i0.wp.com\/cdnoticias.com\/wp-content\/uploads\/2021\/09\/choque-ituzaingo-y-trabajadores-02.jpg?resize=800%2C445&#038;ssl=1\" alt=\"\" width=\"800\" height=\"445\" srcset=\"https:\/\/i0.wp.com\/cdnoticias.com\/wp-content\/uploads\/2021\/09\/choque-ituzaingo-y-trabajadores-02.jpg?w=800&amp;ssl=1 800w, https:\/\/i0.wp.com\/cdnoticias.com\/wp-content\/uploads\/2021\/09\/choque-ituzaingo-y-trabajadores-02.jpg?resize=300%2C167&amp;ssl=1 300w, https:\/\/i0.wp.com\/cdnoticias.com\/wp-content\/uploads\/2021\/09\/choque-ituzaingo-y-trabajadores-02.jpg?resize=768%2C427&amp;ssl=1 768w\" sizes=\"auto, (max-width: 800px) 100vw, 800px\" \/><\/p>\n<p>&nbsp;<\/p>\n<p><strong>Incendio de camioneta<\/strong><\/p>\n<p>&nbsp;<\/p>\n<p>La dotaci\u00f3n a cargo del ayudante mayor Rafael Mart\u00ednez trabaj\u00f3 entre la 1 y 1.35 de este domingo en Urquiza y Giovanelli.<\/p>\n<p>&nbsp;<\/p>\n<p>All\u00ed hab\u00eda tomado fuego una camioneta Ford Courier que estaba sobre un terreno bald\u00edo, sin motor ni bater\u00eda.<\/p>\n","protected":false},"excerpt":{"rendered":"<p>Fue antes de las 9 de este domingo en Ituzaing\u00f3 y Trabajadores. Intervino una dotaci\u00f3n de Bomberos para colaborar en<\/p>\n","protected":false},"author":4,"featured_media":33303,"comment_status":"closed","ping_status":"closed","sticky":false,"template":"","format":"standard","meta":{"_jetpack_memberships_contains_paid_content":false,"footnotes":""},"categories":[14,1],"tags":[],"class_list":["post-33302","post","type-post","status-publish","format-standard","has-post-thumbnail","hentry","category-policiales","category-portada"],"jetpack_featured_media_url":"https:\/\/i0.wp.com\/cdnoticias.com\/wp-content\/uploads\/2021\/09\/choque-ituzaingo-y-trabajadores-00.jpg?fit=800%2C445&ssl=1","jetpack_sharing_enabled":true,"_links":{"self":[{"href":"https:\/\/cdnoticias.com\/index.php\/wp-json\/wp\/v2\/posts\/33302","targetHints":{"allow":["GET"]}}],"collection":[{"href":"https:\/\/cdnoticias.com\/index.php\/wp-json\/wp\/v2\/posts"}],"about":[{"href":"https:\/\/cdnoticias.com\/index.php\/wp-json\/wp\/v2\/types\/post"}],"author":[{"embeddable":true,"href":"https:\/\/cdnoticias.com\/index.php\/wp-json\/wp\/v2\/users\/4"}],"replies":[{"embeddable":true,"href":"https:\/\/cdnoticias.com\/index.php\/wp-json\/wp\/v2\/comments?post=33302"}],"version-history":[{"count":0,"href":"https:\/\/cdnoticias.com\/index.php\/wp-json\/wp\/v2\/posts\/33302\/revisions"}],"wp:featuredmedia":[{"embeddable":true,"href":"https:\/\/cdnoticias.com\/index.php\/wp-json\/wp\/v2\/media\/33303"}],"wp:attachment":[{"href":"https:\/\/cdnoticias.com\/index.php\/wp-json\/wp\/v2\/media?parent=33302"}],"wp:term":[{"taxonomy":"category","embeddable":true,"href":"https:\/\/cdnoticias.com\/index.php\/wp-json\/wp\/v2\/categories?post=33302"},{"taxonomy":"post_tag","embeddable":true,"href":"https:\/\/cdnoticias.com\/index.php\/wp-json\/wp\/v2\/tags?post=33302"}],"curies":[{"name":"wp","href":"https:\/\/api.w.org\/{rel}","templated":true}]}}