{"id":33294,"date":"2021-09-18T18:16:18","date_gmt":"2021-09-18T21:16:18","guid":{"rendered":"http:\/\/www.centraldenoticias.com.ar\/?p=33294"},"modified":"2021-09-18T19:55:41","modified_gmt":"2021-09-18T22:55:41","slug":"pidieron-la-detencion-de-las-dos-personas-capturadas-en-un-operativo-antidrogas","status":"publish","type":"post","link":"https:\/\/cdnoticias.com\/index.php\/2021\/09\/18\/pidieron-la-detencion-de-las-dos-personas-capturadas-en-un-operativo-antidrogas\/","title":{"rendered":"Pidieron la detenci\u00f3n de las dos personas capturadas en un operativo antidrogas"},"content":{"rendered":"<p>As\u00ed fue requerido por el fiscal de la causa, el doctor Lucas Moyano, quien indag\u00f3 a ambas personas en las \u00faltimas horas. Los imput\u00f3 por \u201ctenencia de estupefacientes con fines de comercializaci\u00f3n\u201d.<!--more--><\/p>\n<hr \/>\n<p>Siguen las novedades en torno a una investigaci\u00f3n por presunta comercializaci\u00f3n de estupefacientes en nuestra ciudad. Se trata de una causa que tom\u00f3 notoriedad en la jornada del \u00faltimo viernes a partir de las tareas llevadas adelante desde la Divisi\u00f3n Unidad Operativa Federal de nuestra ciudad, que permiti\u00f3 no s\u00f3lo el<a href=\"https:\/\/cdnoticias.com\/index.php\/2021\/09\/17\/dos-retenidos-tras-haber-sido-sorprendidos-con-cocaina\/\" target=\"_blank\" rel=\"noopener\"> secuestro de \u201cbochas\u201d de coca\u00edna y dinero en efectivo, sino que el secuestro de esos elementos se tradujo tambi\u00e9n en la captura de dos personas.<\/a><\/p>\n<p>&nbsp;<\/p>\n<p>Se trata de un hombre y una mujer quienes, seg\u00fan se narr\u00f3 a este portal, este s\u00e1bado fueron remitidas a la sede judicial local, donde fueron indagadas por el fiscal Lucas Moyano, precisamente el titular de la fiscal\u00eda en estupefacientes, que tiene a su vez al doctor Jos\u00e9 Iturralde al frente de la ayudant\u00eda fiscal local en esa materia. De acuerdo con lo que se logr\u00f3 conocer,<strong> solo una de las personas acusadas acept\u00f3 declarar y se someti\u00f3 a las preguntas de la Justicia y dio su versi\u00f3n de los hechos.<\/strong><\/p>\n<p>&nbsp;<\/p>\n<p><img data-recalc-dims=\"1\" loading=\"lazy\" decoding=\"async\" class=\"alignnone size-full wp-image-33240\" src=\"https:\/\/i0.wp.com\/cdnoticias.com\/wp-content\/uploads\/2021\/09\/Screenshot_20210917-220242-742.png?resize=597%2C320&#038;ssl=1\" alt=\"\" width=\"597\" height=\"320\" srcset=\"https:\/\/i0.wp.com\/cdnoticias.com\/wp-content\/uploads\/2021\/09\/Screenshot_20210917-220242-742.png?w=597&amp;ssl=1 597w, https:\/\/i0.wp.com\/cdnoticias.com\/wp-content\/uploads\/2021\/09\/Screenshot_20210917-220242-742.png?resize=300%2C161&amp;ssl=1 300w\" sizes=\"auto, (max-width: 597px) 100vw, 597px\" \/><\/p>\n<p>&nbsp;<\/p>\n<p>Asimismo, la ocasi\u00f3n sirvi\u00f3 para que ambos aprehendidos queden <strong>formalmente imputados por \u201ctenencia ilegal de estupefacientes con fines de comercializaci\u00f3n\u201d<\/strong>, acusaci\u00f3n por la que tambi\u00e9n se elev\u00f3 ante el Juzgado de Garant\u00edas local el<strong> planteo para que se formalicen las respectivas detenciones<\/strong>, resoluci\u00f3n que deber\u00e1 darse a conocer en las pr\u00f3ximas horas.<\/p>\n<p>&nbsp;<\/p>\n<p>Vale recordar que <strong>todo se enmarca en una investigaci\u00f3n que data del mes de julio de este a\u00f1o, precisamente con el dato de que un hombre comercializar\u00eda estupefacientes desde su veh\u00edculo particular<\/strong>. Fue por ello que se lo intercept\u00f3 a bordo de su rodado y en el mismo se hall\u00f3 coca\u00edna, dinero en efectivo y otra serie de elementos de inter\u00e9s que ya se erigen como la evidencia de la causa.<\/p>\n","protected":false},"excerpt":{"rendered":"<p>As\u00ed fue requerido por el fiscal de la causa, el doctor Lucas Moyano, quien indag\u00f3 a ambas personas en las<\/p>\n","protected":false},"author":3,"featured_media":33237,"comment_status":"closed","ping_status":"closed","sticky":false,"template":"","format":"standard","meta":{"_jetpack_memberships_contains_paid_content":false,"footnotes":""},"categories":[14,1],"tags":[],"class_list":["post-33294","post","type-post","status-publish","format-standard","has-post-thumbnail","hentry","category-policiales","category-portada"],"jetpack_featured_media_url":"https:\/\/i0.wp.com\/cdnoticias.com\/wp-content\/uploads\/2021\/09\/Screenshot_20210917-220258-989.png?fit=608%2C312&ssl=1","jetpack_sharing_enabled":true,"_links":{"self":[{"href":"https:\/\/cdnoticias.com\/index.php\/wp-json\/wp\/v2\/posts\/33294","targetHints":{"allow":["GET"]}}],"collection":[{"href":"https:\/\/cdnoticias.com\/index.php\/wp-json\/wp\/v2\/posts"}],"about":[{"href":"https:\/\/cdnoticias.com\/index.php\/wp-json\/wp\/v2\/types\/post"}],"author":[{"embeddable":true,"href":"https:\/\/cdnoticias.com\/index.php\/wp-json\/wp\/v2\/users\/3"}],"replies":[{"embeddable":true,"href":"https:\/\/cdnoticias.com\/index.php\/wp-json\/wp\/v2\/comments?post=33294"}],"version-history":[{"count":0,"href":"https:\/\/cdnoticias.com\/index.php\/wp-json\/wp\/v2\/posts\/33294\/revisions"}],"wp:featuredmedia":[{"embeddable":true,"href":"https:\/\/cdnoticias.com\/index.php\/wp-json\/wp\/v2\/media\/33237"}],"wp:attachment":[{"href":"https:\/\/cdnoticias.com\/index.php\/wp-json\/wp\/v2\/media?parent=33294"}],"wp:term":[{"taxonomy":"category","embeddable":true,"href":"https:\/\/cdnoticias.com\/index.php\/wp-json\/wp\/v2\/categories?post=33294"},{"taxonomy":"post_tag","embeddable":true,"href":"https:\/\/cdnoticias.com\/index.php\/wp-json\/wp\/v2\/tags?post=33294"}],"curies":[{"name":"wp","href":"https:\/\/api.w.org\/{rel}","templated":true}]}}