{"id":33291,"date":"2021-09-18T17:23:19","date_gmt":"2021-09-18T20:54:42","guid":{"rendered":"http:\/\/www.centraldenoticias.com.ar\/?p=33291"},"modified":"2025-01-29T00:05:14","modified_gmt":"2025-01-29T03:05:14","slug":"ferro-tambien-jugara-el-regional-amateur-fue-invitado-por-el-consejo-federal","status":"publish","type":"post","link":"https:\/\/cdnoticias.com\/index.php\/2021\/09\/18\/ferro-tambien-jugara-el-regional-amateur-fue-invitado-por-el-consejo-federal\/","title":{"rendered":"Ferro tambi\u00e9n jugar\u00e1 el Regional Amateur: fue invitado por el Consejo Federal"},"content":{"rendered":"<p>Ferro recibi\u00f3 la licencia deportiva que lo habilita a participar del venidero Torneo Regional Federal Amateur.<!--more--><\/p>\n<hr \/>\n<p>Olavarr\u00eda sum\u00f3 una nueva plaza a la competencia federal ya que el pasado viernes se oficializ\u00f3 que Ferro ser\u00e1 parte del Torneo Regional Federal Amateur con una licencia deportiva de 3 a\u00f1os.<\/p>\n<p>&nbsp;<\/p>\n<p>La Comisi\u00f3n Directiva de la entidad olavarriense hab\u00eda solicitado la licencia deportiva y desde el Consejo Federal aceptaron la moci\u00f3n.<\/p>\n<p>&nbsp;<\/p>\n<p>El \u201cCarbonero\u201d se suma entonces a Racing -que tambi\u00e9n juega por una licencia- y Embajadores -por ser campe\u00f3n del Torneo Oficial- y por ahora son 3 los representantes de la Liga de F\u00fatbol de Olavarr\u00eda en el certamen que comenzar\u00e1 en el mes de diciembre.<\/p>\n<p>&nbsp;<\/p>\n","protected":false},"excerpt":{"rendered":"<p>Ferro recibi\u00f3 la licencia deportiva que lo habilita a participar del venidero Torneo Regional Federal Amateur.<\/p>\n","protected":false},"author":96739694,"featured_media":143004,"comment_status":"closed","ping_status":"closed","sticky":false,"template":"","format":"standard","meta":{"_jetpack_memberships_contains_paid_content":false,"footnotes":""},"categories":[35,1,41],"tags":[],"class_list":["post-33291","post","type-post","status-publish","format-standard","has-post-thumbnail","hentry","category-futbol","category-portada","category-primera-y-reserva"],"jetpack_featured_media_url":"https:\/\/i0.wp.com\/cdnoticias.com\/wp-content\/uploads\/2021\/08\/WhatsApp-Image-2021-08-01-at-14.28.53-1.jpeg?fit=1500%2C1000&ssl=1","jetpack_sharing_enabled":true,"_links":{"self":[{"href":"https:\/\/cdnoticias.com\/index.php\/wp-json\/wp\/v2\/posts\/33291","targetHints":{"allow":["GET"]}}],"collection":[{"href":"https:\/\/cdnoticias.com\/index.php\/wp-json\/wp\/v2\/posts"}],"about":[{"href":"https:\/\/cdnoticias.com\/index.php\/wp-json\/wp\/v2\/types\/post"}],"author":[{"embeddable":true,"href":"https:\/\/cdnoticias.com\/index.php\/wp-json\/wp\/v2\/users\/96739694"}],"replies":[{"embeddable":true,"href":"https:\/\/cdnoticias.com\/index.php\/wp-json\/wp\/v2\/comments?post=33291"}],"version-history":[{"count":0,"href":"https:\/\/cdnoticias.com\/index.php\/wp-json\/wp\/v2\/posts\/33291\/revisions"}],"wp:featuredmedia":[{"embeddable":true,"href":"https:\/\/cdnoticias.com\/index.php\/wp-json\/wp\/v2\/media\/143004"}],"wp:attachment":[{"href":"https:\/\/cdnoticias.com\/index.php\/wp-json\/wp\/v2\/media?parent=33291"}],"wp:term":[{"taxonomy":"category","embeddable":true,"href":"https:\/\/cdnoticias.com\/index.php\/wp-json\/wp\/v2\/categories?post=33291"},{"taxonomy":"post_tag","embeddable":true,"href":"https:\/\/cdnoticias.com\/index.php\/wp-json\/wp\/v2\/tags?post=33291"}],"curies":[{"name":"wp","href":"https:\/\/api.w.org\/{rel}","templated":true}]}}