{"id":33287,"date":"2021-09-18T16:47:54","date_gmt":"2021-09-18T19:47:54","guid":{"rendered":"http:\/\/www.centraldenoticias.com.ar\/?p=33287"},"modified":"2021-09-18T16:47:54","modified_gmt":"2021-09-18T19:47:54","slug":"demarcaron-una-estrella-amarilla-en-recuerdo-de-ricardo-jurado","status":"publish","type":"post","link":"https:\/\/cdnoticias.com\/index.php\/2021\/09\/18\/demarcaron-una-estrella-amarilla-en-recuerdo-de-ricardo-jurado\/","title":{"rendered":"Demarcaron una estrella amarilla en recuerdo de Ricardo Jurado"},"content":{"rendered":"<p>Se hizo sobre la Ruta Nacional 226, donde a fines de junio pasado protagoniz\u00f3 un fatal accidente. En ese sitio tambi\u00e9n se coloc\u00f3 un cartel alusivo.<!--more--><\/p>\n<hr \/>\n<p>Ante un importante acompa\u00f1amiento de personas, se llev\u00f3 a cabo en el inicio de la tarde de este s\u00e1bado la demarcaci\u00f3n de una nueva <strong>estrella amarilla en el partido de Olavarr\u00eda, la N\u00b0 162 para conmemorar a v\u00edctimas de siniestros viales<\/strong>.<\/p>\n<p>&nbsp;<\/p>\n<p><strong>En este caso correspondi\u00f3 al reconocido ciclista Ricardo \u201cPaisano\u201d Jurado quien falleci\u00f3 el pasado mes de junio<\/strong> como saldo de las graves heridas que sufri\u00f3 tras caer de su bicicleta sobre la Ruta Nacional 226, a la altura del kil\u00f3metro 171, sitio que ahora cuenta con una Estrella Amarilla en su recuerdo.<\/p>\n<p>&nbsp;<\/p>\n<p><img data-recalc-dims=\"1\" loading=\"lazy\" decoding=\"async\" class=\"alignnone size-full wp-image-33289\" src=\"https:\/\/i0.wp.com\/cdnoticias.com\/wp-content\/uploads\/2021\/09\/jurado01.jpg?resize=800%2C445&#038;ssl=1\" alt=\"\" width=\"800\" height=\"445\" srcset=\"https:\/\/i0.wp.com\/cdnoticias.com\/wp-content\/uploads\/2021\/09\/jurado01.jpg?w=800&amp;ssl=1 800w, https:\/\/i0.wp.com\/cdnoticias.com\/wp-content\/uploads\/2021\/09\/jurado01.jpg?resize=300%2C167&amp;ssl=1 300w, https:\/\/i0.wp.com\/cdnoticias.com\/wp-content\/uploads\/2021\/09\/jurado01.jpg?resize=768%2C427&amp;ssl=1 768w\" sizes=\"auto, (max-width: 800px) 100vw, 800px\" \/><\/p>\n<p>&nbsp;<\/p>\n<p><strong>El emotivo acto fue liderado por Gustavo Spaltro y Marcello Erretegui<\/strong>, referentes de la agrupaci\u00f3n local que con estas actividades no solo busca mantener presente a las v\u00edctimas, sino tambi\u00e9n concientizar sobre los riesgos en materia de seguridad vial.<\/p>\n<p>&nbsp;<\/p>\n<p>Todo se vio acompa\u00f1ado por un importante n\u00famero de personas, quienes tomaron parte activa de la demarcaci\u00f3n del lugar. <strong>Adem\u00e1s, tambi\u00e9n se llev\u00f3 adelante el descubrimiento de un cartel alusivo.<\/strong><\/p>\n","protected":false},"excerpt":{"rendered":"<p>Se hizo sobre la Ruta Nacional 226, donde a fines de junio pasado protagoniz\u00f3 un fatal accidente. En ese sitio<\/p>\n","protected":false},"author":3,"featured_media":33288,"comment_status":"closed","ping_status":"closed","sticky":false,"template":"","format":"standard","meta":{"_jetpack_memberships_contains_paid_content":false,"footnotes":""},"categories":[5,1],"tags":[],"class_list":["post-33287","post","type-post","status-publish","format-standard","has-post-thumbnail","hentry","category-informacion-general","category-portada"],"jetpack_featured_media_url":"https:\/\/i0.wp.com\/cdnoticias.com\/wp-content\/uploads\/2021\/09\/jurado.jpg?fit=800%2C499&ssl=1","jetpack_sharing_enabled":true,"_links":{"self":[{"href":"https:\/\/cdnoticias.com\/index.php\/wp-json\/wp\/v2\/posts\/33287","targetHints":{"allow":["GET"]}}],"collection":[{"href":"https:\/\/cdnoticias.com\/index.php\/wp-json\/wp\/v2\/posts"}],"about":[{"href":"https:\/\/cdnoticias.com\/index.php\/wp-json\/wp\/v2\/types\/post"}],"author":[{"embeddable":true,"href":"https:\/\/cdnoticias.com\/index.php\/wp-json\/wp\/v2\/users\/3"}],"replies":[{"embeddable":true,"href":"https:\/\/cdnoticias.com\/index.php\/wp-json\/wp\/v2\/comments?post=33287"}],"version-history":[{"count":0,"href":"https:\/\/cdnoticias.com\/index.php\/wp-json\/wp\/v2\/posts\/33287\/revisions"}],"wp:featuredmedia":[{"embeddable":true,"href":"https:\/\/cdnoticias.com\/index.php\/wp-json\/wp\/v2\/media\/33288"}],"wp:attachment":[{"href":"https:\/\/cdnoticias.com\/index.php\/wp-json\/wp\/v2\/media?parent=33287"}],"wp:term":[{"taxonomy":"category","embeddable":true,"href":"https:\/\/cdnoticias.com\/index.php\/wp-json\/wp\/v2\/categories?post=33287"},{"taxonomy":"post_tag","embeddable":true,"href":"https:\/\/cdnoticias.com\/index.php\/wp-json\/wp\/v2\/tags?post=33287"}],"curies":[{"name":"wp","href":"https:\/\/api.w.org\/{rel}","templated":true}]}}