{"id":33280,"date":"2021-09-18T15:33:37","date_gmt":"2021-09-18T18:33:37","guid":{"rendered":"http:\/\/www.centraldenoticias.com.ar\/?p=33280"},"modified":"2021-09-18T18:18:00","modified_gmt":"2021-09-18T21:18:00","slug":"olavarria-cuenta-con-76-casos-activos-de-covid19","status":"publish","type":"post","link":"https:\/\/cdnoticias.com\/index.php\/2021\/09\/18\/olavarria-cuenta-con-76-casos-activos-de-covid19\/","title":{"rendered":"Olavarr\u00eda cuenta con 76 casos activos de Covid19"},"content":{"rendered":"<p>En la semana se detectaron 65 casos positivos tras cerca de un millar de testeos. Hay 5 pacientes con Coronavirus hospitalizados.<!--more--><\/p>\n<hr \/>\n<p>En la tarde de este s\u00e1bado la Secretar\u00eda de Salud del Municipio emiti\u00f3 el informe sanitario semanal, para dar a conocer la situaci\u00f3n del partido con respecto al Coronavirus. El primer dato relevante es que <strong>Olavarr\u00eda cuenta con 76 casos activos.<\/strong><\/p>\n<p>&nbsp;<\/p>\n<p><img data-recalc-dims=\"1\" loading=\"lazy\" decoding=\"async\" class=\"alignnone size-large wp-image-33282\" src=\"https:\/\/i0.wp.com\/cdnoticias.com\/wp-content\/uploads\/2021\/09\/IMG-20210918-WA0016.jpg?resize=800%2C800&#038;ssl=1\" alt=\"\" width=\"800\" height=\"800\" srcset=\"https:\/\/i0.wp.com\/cdnoticias.com\/wp-content\/uploads\/2021\/09\/IMG-20210918-WA0016.jpg?resize=1024%2C1024&amp;ssl=1 1024w, https:\/\/i0.wp.com\/cdnoticias.com\/wp-content\/uploads\/2021\/09\/IMG-20210918-WA0016.jpg?resize=150%2C150&amp;ssl=1 150w, https:\/\/i0.wp.com\/cdnoticias.com\/wp-content\/uploads\/2021\/09\/IMG-20210918-WA0016.jpg?resize=300%2C300&amp;ssl=1 300w, https:\/\/i0.wp.com\/cdnoticias.com\/wp-content\/uploads\/2021\/09\/IMG-20210918-WA0016.jpg?resize=768%2C768&amp;ssl=1 768w, https:\/\/i0.wp.com\/cdnoticias.com\/wp-content\/uploads\/2021\/09\/IMG-20210918-WA0016.jpg?w=1200&amp;ssl=1 1200w\" sizes=\"auto, (max-width: 800px) 100vw, 800px\" \/><\/p>\n<p>&nbsp;<\/p>\n<p>Se detall\u00f3 que en el transcurso de la \u00faltima semana se realizaron 914 testeos, de los cuales se registraron 65 hisopados positivos para Covid19. <strong>El dato alentador es que la positividad semanal fue de 7.1%.<\/strong><\/p>\n<p>&nbsp;<\/p>\n<p><img data-recalc-dims=\"1\" loading=\"lazy\" decoding=\"async\" class=\"alignnone size-large wp-image-33283\" src=\"https:\/\/i0.wp.com\/cdnoticias.com\/wp-content\/uploads\/2021\/09\/IMG-20210918-WA0013.jpg?resize=800%2C800&#038;ssl=1\" alt=\"\" width=\"800\" height=\"800\" srcset=\"https:\/\/i0.wp.com\/cdnoticias.com\/wp-content\/uploads\/2021\/09\/IMG-20210918-WA0013.jpg?resize=1024%2C1024&amp;ssl=1 1024w, https:\/\/i0.wp.com\/cdnoticias.com\/wp-content\/uploads\/2021\/09\/IMG-20210918-WA0013.jpg?resize=150%2C150&amp;ssl=1 150w, https:\/\/i0.wp.com\/cdnoticias.com\/wp-content\/uploads\/2021\/09\/IMG-20210918-WA0013.jpg?resize=300%2C300&amp;ssl=1 300w, https:\/\/i0.wp.com\/cdnoticias.com\/wp-content\/uploads\/2021\/09\/IMG-20210918-WA0013.jpg?resize=768%2C768&amp;ssl=1 768w, https:\/\/i0.wp.com\/cdnoticias.com\/wp-content\/uploads\/2021\/09\/IMG-20210918-WA0013.jpg?w=1200&amp;ssl=1 1200w\" sizes=\"auto, (max-width: 800px) 100vw, 800px\" \/><\/p>\n<p>&nbsp;<\/p>\n<p>Por otra parte, respecto a la ocupaci\u00f3n en el Hospital Municipal \u201cDr. H\u00e9ctor M. Cura\u201d, se a\u00f1adi\u00f3 que <strong>hay 3 pacientes con Covid19 internados en la Unidad de Terapia Intensiva y 2 en Cuidados Generales.<\/strong><\/p>\n<p>&nbsp;<\/p>\n<blockquote><p>El promedio de edad de los casos activos es de 34 a\u00f1os.<\/p><\/blockquote>\n<p>&nbsp;<\/p>\n<p>La incidencia de casos marc\u00f3 un 5.5 (riesgo bajo), mientras que la raz\u00f3n de los casos fue de 0.6 (riesgo bajo). Por \u00faltimo, vale dar cuenta que <strong>en la semana se registr\u00f3 un fallecimiento, que se conoci\u00f3 el pasado viernes y correspondi\u00f3 a un paciente de 66 a\u00f1os.<\/strong><\/p>\n","protected":false},"excerpt":{"rendered":"<p>En la semana se detectaron 65 casos positivos tras cerca de un millar de testeos. Hay 5 pacientes con Coronavirus<\/p>\n","protected":false},"author":3,"featured_media":33285,"comment_status":"closed","ping_status":"closed","sticky":false,"template":"","format":"standard","meta":{"_jetpack_memberships_contains_paid_content":false,"footnotes":""},"categories":[16,1],"tags":[],"class_list":["post-33280","post","type-post","status-publish","format-standard","has-post-thumbnail","hentry","category-covid-19","category-portada"],"jetpack_featured_media_url":"https:\/\/i0.wp.com\/cdnoticias.com\/wp-content\/uploads\/2021\/09\/Screenshot_20210918-153216-8302.png?fit=720%2C376&ssl=1","jetpack_sharing_enabled":true,"_links":{"self":[{"href":"https:\/\/cdnoticias.com\/index.php\/wp-json\/wp\/v2\/posts\/33280","targetHints":{"allow":["GET"]}}],"collection":[{"href":"https:\/\/cdnoticias.com\/index.php\/wp-json\/wp\/v2\/posts"}],"about":[{"href":"https:\/\/cdnoticias.com\/index.php\/wp-json\/wp\/v2\/types\/post"}],"author":[{"embeddable":true,"href":"https:\/\/cdnoticias.com\/index.php\/wp-json\/wp\/v2\/users\/3"}],"replies":[{"embeddable":true,"href":"https:\/\/cdnoticias.com\/index.php\/wp-json\/wp\/v2\/comments?post=33280"}],"version-history":[{"count":0,"href":"https:\/\/cdnoticias.com\/index.php\/wp-json\/wp\/v2\/posts\/33280\/revisions"}],"wp:featuredmedia":[{"embeddable":true,"href":"https:\/\/cdnoticias.com\/index.php\/wp-json\/wp\/v2\/media\/33285"}],"wp:attachment":[{"href":"https:\/\/cdnoticias.com\/index.php\/wp-json\/wp\/v2\/media?parent=33280"}],"wp:term":[{"taxonomy":"category","embeddable":true,"href":"https:\/\/cdnoticias.com\/index.php\/wp-json\/wp\/v2\/categories?post=33280"},{"taxonomy":"post_tag","embeddable":true,"href":"https:\/\/cdnoticias.com\/index.php\/wp-json\/wp\/v2\/tags?post=33280"}],"curies":[{"name":"wp","href":"https:\/\/api.w.org\/{rel}","templated":true}]}}