{"id":33274,"date":"2021-09-18T14:48:43","date_gmt":"2021-09-18T17:48:43","guid":{"rendered":"http:\/\/www.centraldenoticias.com.ar\/?p=33274"},"modified":"2021-09-18T15:34:09","modified_gmt":"2021-09-18T18:34:09","slug":"con-intendentes-oficialistas-de-la-septima-kicillof-cerro-las-reuniones-de-analisis-de-las-paso","status":"publish","type":"post","link":"https:\/\/cdnoticias.com\/index.php\/2021\/09\/18\/con-intendentes-oficialistas-de-la-septima-kicillof-cerro-las-reuniones-de-analisis-de-las-paso\/","title":{"rendered":"Con intendentes oficialistas de la S\u00e9ptima, Kicillof cerr\u00f3 las reuniones de an\u00e1lisis de las PASO"},"content":{"rendered":"<p>Analizaron el escenario de cara a las elecciones de noviembre y las necesidades de los y las bonaerenses de los distritos representados. Habr\u00e1 cambios en el Gabinete provincial.<!--more--><\/p>\n<hr \/>\n<p><strong>El gobernador de la provincia de Buenos Aires, Axel Kicillof, culmin\u00f3 en la tarde del viernes una serie de reuniones de trabajo con las intendentas y los intendentes del Frente de Todos<\/strong>, tras conversar con los jefes comunales de los municipios que integran la <strong>segunda, cuarta, quinta, sexta y s\u00e9ptima secci\u00f3n electoral<\/strong>.<\/p>\n<p>&nbsp;<\/p>\n<p>Fue en Casa de Gobierno junto a la <em>vicegobernadora Ver\u00f3nica Magario; el jefe de Gabinete, Carlos Bianco; la ministra de Gobierno, Teresa Garc\u00eda; y los ministros de Desarrollo de la Comunidad, Andr\u00e9s Larroque; de Seguridad, Sergio Berni; y de Hacienda y Finanzas, Pablo L\u00f3pez<\/em>.<\/p>\n<p>&nbsp;<\/p>\n<p>En paralelo, se dej\u00f3 saber que <strong>el mandatario provincial tambi\u00e9n analiza cambios en su gabinete de ministros<\/strong> y que podr\u00edan producirse en el corto plazo. Incluso, el n\u00famero de ministerios est\u00e1 en revisi\u00f3n.<\/p>\n<p>&nbsp;<\/p>\n<p><strong>La reuni\u00f3n con los Intendentes<\/strong><\/p>\n<p>&nbsp;<\/p>\n<p>\u201cDurante el encuentro, <strong>las autoridades evaluaron los resultados de las elecciones del domingo pasado en cada uno de los distritos<\/strong> y analizaron las demandas de los y las vecinas con el objeto de desarrollar pol\u00edticas p\u00fablicas que permitan brindar respuestas adecuadas a sus necesidades. En ese marco, coincidieron en destacar el avance de la campa\u00f1a de vacunaci\u00f3n, cuyos efectos se observan tanto en la ca\u00edda de los contagios como en la menor ocupaci\u00f3n de camas de terapia intensiva por parte de pacientes con Covid-19\u201d se inform\u00f3 desde la Gobernaci\u00f3n.<\/p>\n<p>&nbsp;<\/p>\n<p><img data-recalc-dims=\"1\" loading=\"lazy\" decoding=\"async\" class=\"size-full wp-image-33277 aligncenter\" src=\"https:\/\/i0.wp.com\/cdnoticias.com\/wp-content\/uploads\/2021\/09\/kicillof-con-intendentes-01.jpg?resize=800%2C445&#038;ssl=1\" alt=\"\" width=\"800\" height=\"445\" srcset=\"https:\/\/i0.wp.com\/cdnoticias.com\/wp-content\/uploads\/2021\/09\/kicillof-con-intendentes-01.jpg?w=800&amp;ssl=1 800w, https:\/\/i0.wp.com\/cdnoticias.com\/wp-content\/uploads\/2021\/09\/kicillof-con-intendentes-01.jpg?resize=300%2C167&amp;ssl=1 300w, https:\/\/i0.wp.com\/cdnoticias.com\/wp-content\/uploads\/2021\/09\/kicillof-con-intendentes-01.jpg?resize=768%2C427&amp;ssl=1 768w\" sizes=\"auto, (max-width: 800px) 100vw, 800px\" \/><\/p>\n<p>&nbsp;<\/p>\n<p>Tambi\u00e9n <strong>obras p\u00fablicas<\/strong> fue eje de las charlas. \u201cSe abordaron los avances alcanzados en las m\u00e1s de 1.100 obras de infraestructura que est\u00e1n en proceso de reactivaci\u00f3n y ejecuci\u00f3n en la regi\u00f3n, para las cuales ya <strong>se han destinado m\u00e1s de 17 mil millones de pesos<\/strong>\u201d se indic\u00f3 para agregar que \u201crepasaron el estado de las m\u00e1s de 800 refacciones y construcciones que se est\u00e1n llevando a cabo en el marco del<strong> programa Escuelas a la Obra<\/strong>, de un total de 1.850 intervenciones en establecimientos educativos\u201d.<\/p>\n<p>&nbsp;<\/p>\n<p>Se analizaron las <strong>cuestiones vinculadas a la pol\u00edtica de seguridad<\/strong>, como as\u00ed tambi\u00e9n de <strong>suelo y vivienda<\/strong>, donde ya se generaron 3.700 lotes de suelo urbano. En tanto, evaluaron el impacto de la puesta en marcha de la tercera etapa del<strong> fondo de asistencia al turismo y la cultura<\/strong>, que facilita subsidios para acompa\u00f1ar a dos de los sectores m\u00e1s golpeados por la pandemia.<\/p>\n<p>&nbsp;<\/p>\n<p>Este fue la<strong> tercera reuni\u00f3n con intendentes oficialistas<\/strong> y hasta el momento, <a href=\"https:\/\/cdnoticias.com\/index.php\/2021\/09\/17\/paso-2021-sin-una-palabra-en-publico-kicillof-sigue-en-reuniones\/\" target=\"_blank\" rel=\"noopener\">el gobernador Kicillof no ha hecho declaraciones p\u00fablicas sobre el resultado de la PASO<\/a> desde el mismo domingo ni tampoco acerca de la disputa p\u00fablica entre el Presidente y la Vicepresidenta de la Naci\u00f3n.<\/p>\n<p>&nbsp;<\/p>\n<p><strong>Los asistentes<\/strong><\/p>\n<p>&nbsp;<\/p>\n<p>Por la <strong>segunda secci\u00f3n electoral<\/strong> estuvieron presentes los intendentes de Baradero, Esteban Sanzio; de Carmen de Areco, Iv\u00e1n Villagr\u00e1n; de Col\u00f3n, Ricardo Casi; de Salto, Ricardo Alessandro; y de San Pedro, Cecilio Salazar.<\/p>\n<p>&nbsp;<\/p>\n<p><img data-recalc-dims=\"1\" loading=\"lazy\" decoding=\"async\" class=\"size-large wp-image-33278 aligncenter\" src=\"https:\/\/i0.wp.com\/cdnoticias.com\/wp-content\/uploads\/2021\/09\/Kici-con-intendentes-interior-1024x683-1024x683.jpg?resize=800%2C534&#038;ssl=1\" alt=\"\" width=\"800\" height=\"534\" srcset=\"https:\/\/i0.wp.com\/cdnoticias.com\/wp-content\/uploads\/2021\/09\/Kici-con-intendentes-interior-1024x683.jpg?resize=1024%2C683&amp;ssl=1 1024w, https:\/\/i0.wp.com\/cdnoticias.com\/wp-content\/uploads\/2021\/09\/Kici-con-intendentes-interior-1024x683.jpg?resize=300%2C200&amp;ssl=1 300w, https:\/\/i0.wp.com\/cdnoticias.com\/wp-content\/uploads\/2021\/09\/Kici-con-intendentes-interior-1024x683.jpg?resize=768%2C512&amp;ssl=1 768w, https:\/\/i0.wp.com\/cdnoticias.com\/wp-content\/uploads\/2021\/09\/Kici-con-intendentes-interior-1024x683.jpg?resize=272%2C182&amp;ssl=1 272w\" sizes=\"auto, (max-width: 800px) 100vw, 800px\" \/><\/p>\n<p>&nbsp;<\/p>\n<p>En representaci\u00f3n de la <strong>cuarta secci\u00f3n<\/strong>, participaron la intendenta de Carlos Tejedor, Mar\u00eda Celia Gianini; y los jefes comunales de Alberti, Germ\u00e1n Lago; de Carlos Casares, Walter Torchio; de General Pinto, Alfredo Zavatarelli; de Hip\u00f3lito Yrigoyen, Luis Ignacio Pugnaloni; de Leandro N. Alem, Carlos Ferraris; y de Pehuaj\u00f3, Pablo Zurro.<\/p>\n<p>&nbsp;<\/p>\n<p>Por la<strong> quinta secci\u00f3n<\/strong> participaron los intendentes de Castelli, Sebasti\u00e1n Echarren; de Chascom\u00fas, Javier Gast\u00f3n; de General Alvarado, Sebasti\u00e1n Ianantuony; de General Guido, Carlos Rocha; de General Paz, Juan Manuel \u00c1lvarez; de La Costa, Cristian Cardozo; de Mar Chiquita, Jorge Paredi; de Pila, Gustavo Walker; de Tordillo, H\u00e9ctor Olivera; y de Villa Gesell, Gustavo Barrera.<\/p>\n<p>&nbsp;<\/p>\n<p>En tanto, de la <strong>sexta secci\u00f3n<\/strong> estuvieron presentes los jefes comunales de Adolfo Gonzales Chaves, Eduardo Santill\u00e1n; de Benito Ju\u00e1rez, Julio Marini; de Coronel Su\u00e1rez, Ricardo Moccero; de Daireaux, Esteban Acerbo; de Laprida, Pablo Torres; de Monte Hermoso, Alejandro Dichiara; y de Tres Lomas, Roberto \u00c1lvarez.<\/p>\n<p>&nbsp;<\/p>\n<blockquote><p>Por la s\u00e9ptima secci\u00f3n, estuvieron los intendentes de Bol\u00edvar, Marcos Pisano; de Roque P\u00e9rez, Juan Carlos Gasparini; y de Veinticinco de Mayo, Hern\u00e1n Ralinqueo.<\/p><\/blockquote>\n<p>&nbsp;<\/p>\n<p><strong>Kicillof tambi\u00e9n analiza adelantar cambios en su Gabinete<\/strong><\/p>\n<p>&nbsp;<\/p>\n<p>Tras el <a href=\"https:\/\/cdnoticias.com\/index.php\/2021\/09\/18\/el-presidente-anuncio-nuevos-ministros-manzur-jefe-de-gabinete-y-anibal-fernandez-a-seguridad\/\" target=\"_blank\" rel=\"noopener\">relanzamiento que en las pr\u00f3ximas horas anunciar\u00e1 el presidente Alberto Fern\u00e1ndez<\/a>, <strong>el gobernador Axel Kicillof tambi\u00e9n estudia la posibilidad de adelantar cambios en su gabinete<\/strong>, que <strong>incluir\u00edan la modificaci\u00f3n del n\u00famero de ministerios<\/strong> y son una respuesta a la derrota electoral del domingo.<\/p>\n<p>&nbsp;<\/p>\n<p><img data-recalc-dims=\"1\" loading=\"lazy\" decoding=\"async\" class=\"size-full wp-image-25238 aligncenter\" src=\"https:\/\/i0.wp.com\/cdnoticias.com\/wp-content\/uploads\/2021\/06\/conferencia-axel-kicillof-00.jpg?resize=800%2C446&#038;ssl=1\" alt=\"\" width=\"800\" height=\"446\" srcset=\"https:\/\/i0.wp.com\/cdnoticias.com\/wp-content\/uploads\/2021\/06\/conferencia-axel-kicillof-00.jpg?w=800&amp;ssl=1 800w, https:\/\/i0.wp.com\/cdnoticias.com\/wp-content\/uploads\/2021\/06\/conferencia-axel-kicillof-00.jpg?resize=300%2C167&amp;ssl=1 300w, https:\/\/i0.wp.com\/cdnoticias.com\/wp-content\/uploads\/2021\/06\/conferencia-axel-kicillof-00.jpg?resize=768%2C428&amp;ssl=1 768w\" sizes=\"auto, (max-width: 800px) 100vw, 800px\" \/><\/p>\n<p>&nbsp;<\/p>\n<p>Kicillof tiene<strong> un cambio \u201cobligado\u201d para hacer: el de la ministra de Gobierno, Teresa Garc\u00eda<\/strong>, que por el segundo lugar que ocupa en la lista del Frente de Todos de la Primera Secci\u00f3n electoral, se transformar\u00e1 en legisladora tras las elecciones de noviembre.<\/p>\n<p>&nbsp;<\/p>\n<blockquote><p>Pero seg\u00fan confiaron a la Agencia DIB fuentes del Ejecutivo, el gobernador planea ir m\u00e1s all\u00e1 y avanzar con modificaciones m\u00e1s amplias, que incluyen cambio de nombres y de estructuras. Llegan al nivel de ministerios, que se crear\u00edan, fusionar\u00edan o dejar\u00edan de existir.<\/p><\/blockquote>\n<p>&nbsp;<\/p>\n<p>La propia Garc\u00eda hab\u00eda dicho esta semana que <a href=\"https:\/\/cdnoticias.com\/index.php\/2021\/09\/15\/los-ministros-bonaerenses-pusieron-su-renuncia-a-disposicion-de-axel-kicillof\/\" target=\"_blank\" rel=\"noopener\">todo el Gabinete provincial hab\u00eda puesto su renuncia en manos de Kicillof<\/a>, aunque no lo hicieron formalmente. Fue <strong>un anticipo de lo que hicieron luego los funcionarios kirchneristas del gabinete nacional<\/strong>.<\/p>\n<p>&nbsp;<\/p>\n<p>Kicillof se reuni\u00f3 esta semana con los intendentes oficialistas de todas las secciones, que le trazaron un mapa de lo que son, a su juicio, los motivos de la derrota. \u00c9l a la vez dio su propia visi\u00f3n. Esos encuentros le permitieron <strong>terminar de madurar los cambios que cree necesarios para \u201cmejorar la eficacia territorial de la gesti\u00f3n\u201d<\/strong>, dijeron a DIB en el Gabinete.<\/p>\n<p>&nbsp;<\/p>\n<p>Aunque la decisi\u00f3n a\u00fan no est\u00e1 totalmente tomada, en principio, <strong>podr\u00eda anunciarse la semana entrante<\/strong>. Es un cambio de planes respecto de su idea original: si ganaba las PASO el Frente de Todos, el gobernador iba a avanzar en un relanzamiento de su gobierno, pero despu\u00e9s de noviembre.<\/p>\n","protected":false},"excerpt":{"rendered":"<p>Analizaron el escenario de cara a las elecciones de noviembre y las necesidades de los y las bonaerenses de los<\/p>\n","protected":false},"author":4,"featured_media":33276,"comment_status":"closed","ping_status":"closed","sticky":false,"template":"","format":"standard","meta":{"_jetpack_memberships_contains_paid_content":false,"footnotes":""},"categories":[6,1],"tags":[],"class_list":["post-33274","post","type-post","status-publish","format-standard","has-post-thumbnail","hentry","category-nacionales","category-portada"],"jetpack_featured_media_url":"https:\/\/i0.wp.com\/cdnoticias.com\/wp-content\/uploads\/2021\/09\/kicillof-con-intendentes-00.jpg?fit=800%2C445&ssl=1","jetpack_sharing_enabled":true,"_links":{"self":[{"href":"https:\/\/cdnoticias.com\/index.php\/wp-json\/wp\/v2\/posts\/33274","targetHints":{"allow":["GET"]}}],"collection":[{"href":"https:\/\/cdnoticias.com\/index.php\/wp-json\/wp\/v2\/posts"}],"about":[{"href":"https:\/\/cdnoticias.com\/index.php\/wp-json\/wp\/v2\/types\/post"}],"author":[{"embeddable":true,"href":"https:\/\/cdnoticias.com\/index.php\/wp-json\/wp\/v2\/users\/4"}],"replies":[{"embeddable":true,"href":"https:\/\/cdnoticias.com\/index.php\/wp-json\/wp\/v2\/comments?post=33274"}],"version-history":[{"count":0,"href":"https:\/\/cdnoticias.com\/index.php\/wp-json\/wp\/v2\/posts\/33274\/revisions"}],"wp:featuredmedia":[{"embeddable":true,"href":"https:\/\/cdnoticias.com\/index.php\/wp-json\/wp\/v2\/media\/33276"}],"wp:attachment":[{"href":"https:\/\/cdnoticias.com\/index.php\/wp-json\/wp\/v2\/media?parent=33274"}],"wp:term":[{"taxonomy":"category","embeddable":true,"href":"https:\/\/cdnoticias.com\/index.php\/wp-json\/wp\/v2\/categories?post=33274"},{"taxonomy":"post_tag","embeddable":true,"href":"https:\/\/cdnoticias.com\/index.php\/wp-json\/wp\/v2\/tags?post=33274"}],"curies":[{"name":"wp","href":"https:\/\/api.w.org\/{rel}","templated":true}]}}