{"id":33267,"date":"2021-09-18T12:24:25","date_gmt":"2021-09-18T15:24:25","guid":{"rendered":"http:\/\/www.centraldenoticias.com.ar\/?p=33267"},"modified":"2021-09-18T12:25:32","modified_gmt":"2021-09-18T15:25:32","slug":"nuevos-arboles-en-el-dia-del-profesor-y-la-profesora","status":"publish","type":"post","link":"https:\/\/cdnoticias.com\/index.php\/2021\/09\/18\/nuevos-arboles-en-el-dia-del-profesor-y-la-profesora\/","title":{"rendered":"Nuevos \u00e1rboles, en el D\u00eda del Profesor y la Profesora"},"content":{"rendered":"<p>La plantaci\u00f3n fue organizada por el Instituto Superior de Formaci\u00f3n Docente N\u00b047. Tuvo lugar en el Parque Avellaneda.<!--more--><\/p>\n<hr \/>\n<p>Este viernes <strong>se festej\u00f3 el D\u00eda del Profesor y la Profesora con una plantaci\u00f3n de \u00e1rboles en el Parque Avellaneda<\/strong>.<\/p>\n<p>&nbsp;<\/p>\n<p>La actividad fue organizada por el <strong>Instituto Superior de Formaci\u00f3n Docente N\u00b047<\/strong>, la Subsecretar\u00eda de Deportes y la Direcci\u00f3n de Pol\u00edticas de Juventud de la Municipalidad.<\/p>\n<p>&nbsp;<\/p>\n<blockquote class=\"twitter-tweet\">\n<p dir=\"ltr\" lang=\"es\"><a href=\"https:\/\/twitter.com\/hashtag\/SembrarFuturo?src=hash&amp;ref_src=twsrc%5Etfw\">#SembrarFuturo<\/a> \ud83c\udf3f<\/p>\n<p>En la tarde del viernes participamos junto al Instituto Superior de Formaci\u00f3n Docente N\u00b047 y la Subsecretar\u00eda de Deportes, de la jornada &#8220;Plantamos un \u00e1rbol, sembramos futuro&#8221; en el Parque Avellaneda. \ud83e\udd1d\ud83c\udffc<a href=\"https:\/\/twitter.com\/ezequielgalli?ref_src=twsrc%5Etfw\">@ezequielgalli<\/a> <a href=\"https:\/\/t.co\/YzoY1i9N03\">pic.twitter.com\/YzoY1i9N03<\/a><\/p>\n<p>\u2014 Pol\u00edticas de juventud \ud83d\uddde\ufe0f (@PoliticasJuvOla) <a href=\"https:\/\/twitter.com\/PoliticasJuvOla\/status\/1439189945080553474?ref_src=twsrc%5Etfw\">September 18, 2021<\/a><\/p><\/blockquote>\n<p><script async src=\"https:\/\/platform.twitter.com\/widgets.js\" charset=\"utf-8\"><\/script><\/p>\n<p>&nbsp;<\/p>\n<p>La jornada se denomin\u00f3 <strong>\u201cPlantamos un \u00e1rbol, sembramos futuro\u201d<\/strong>. Participaron adem\u00e1s las concejalas de Juntos, Mar\u00eda Jos\u00e9 Gonz\u00e1lez, candidata a la reelecci\u00f3n, Cecilia Krivochen y Maite Salerno.<\/p>\n<p>&nbsp;<\/p>\n<p>Desde el IFD N\u00b0 47 se hab\u00eda indicado que la plantaci\u00f3n de cuatro ejemplares se dedic\u00f3 a <strong>\u201cpara los docentes, estudiantes, el equipo de gesti\u00f3n y para los egresados\u201d<\/strong>.<\/p>\n","protected":false},"excerpt":{"rendered":"<p>La plantaci\u00f3n fue organizada por el Instituto Superior de Formaci\u00f3n Docente N\u00b047. Tuvo lugar en el Parque Avellaneda.<\/p>\n","protected":false},"author":4,"featured_media":33268,"comment_status":"closed","ping_status":"closed","sticky":false,"template":"","format":"standard","meta":{"_jetpack_memberships_contains_paid_content":false,"footnotes":""},"categories":[5,1],"tags":[],"class_list":["post-33267","post","type-post","status-publish","format-standard","has-post-thumbnail","hentry","category-informacion-general","category-portada"],"jetpack_featured_media_url":"https:\/\/i0.wp.com\/cdnoticias.com\/wp-content\/uploads\/2021\/09\/arbol-dia-del-profesor-2.jpg?fit=720%2C480&ssl=1","jetpack_sharing_enabled":true,"_links":{"self":[{"href":"https:\/\/cdnoticias.com\/index.php\/wp-json\/wp\/v2\/posts\/33267","targetHints":{"allow":["GET"]}}],"collection":[{"href":"https:\/\/cdnoticias.com\/index.php\/wp-json\/wp\/v2\/posts"}],"about":[{"href":"https:\/\/cdnoticias.com\/index.php\/wp-json\/wp\/v2\/types\/post"}],"author":[{"embeddable":true,"href":"https:\/\/cdnoticias.com\/index.php\/wp-json\/wp\/v2\/users\/4"}],"replies":[{"embeddable":true,"href":"https:\/\/cdnoticias.com\/index.php\/wp-json\/wp\/v2\/comments?post=33267"}],"version-history":[{"count":0,"href":"https:\/\/cdnoticias.com\/index.php\/wp-json\/wp\/v2\/posts\/33267\/revisions"}],"wp:featuredmedia":[{"embeddable":true,"href":"https:\/\/cdnoticias.com\/index.php\/wp-json\/wp\/v2\/media\/33268"}],"wp:attachment":[{"href":"https:\/\/cdnoticias.com\/index.php\/wp-json\/wp\/v2\/media?parent=33267"}],"wp:term":[{"taxonomy":"category","embeddable":true,"href":"https:\/\/cdnoticias.com\/index.php\/wp-json\/wp\/v2\/categories?post=33267"},{"taxonomy":"post_tag","embeddable":true,"href":"https:\/\/cdnoticias.com\/index.php\/wp-json\/wp\/v2\/tags?post=33267"}],"curies":[{"name":"wp","href":"https:\/\/api.w.org\/{rel}","templated":true}]}}