{"id":33248,"date":"2021-09-18T09:55:55","date_gmt":"2021-09-18T12:55:55","guid":{"rendered":"http:\/\/www.centraldenoticias.com.ar\/?p=33248"},"modified":"2021-09-18T09:57:24","modified_gmt":"2021-09-18T12:57:24","slug":"el-presidente-anuncio-nuevos-ministros-manzur-jefe-de-gabinete-y-anibal-fernandez-a-seguridad","status":"publish","type":"post","link":"https:\/\/cdnoticias.com\/index.php\/2021\/09\/18\/el-presidente-anuncio-nuevos-ministros-manzur-jefe-de-gabinete-y-anibal-fernandez-a-seguridad\/","title":{"rendered":"El Presidente anunci\u00f3 nuevos ministros: Manzur, Jefe de Gabinete y An\u00edbal Fern\u00e1ndez a Seguridad"},"content":{"rendered":"<p>Un dato sobresaliente es que Eduardo de Pedro continuar\u00e1 al frente del Ministerio del Interior. Santiago Cafiero, Juli\u00e1n Dom\u00ednguez, Jaime Perzyck y Daniel Filmus estar\u00e1n en el Gabinete. \u00bfHabr\u00e1 m\u00e1s cambios?<!--more--><\/p>\n<hr \/>\n<p><strong>A \u00faltima hora del viernes, tras una semana convulsionada para el Gobierno nacional, el presidente Alberto Fern\u00e1ndez present\u00f3 algunos de los nombres de los funcionarios que conformar\u00e1n el nuevo Gabinete<\/strong>. El dato m\u00e1s sobresaliente es que <strong>Eduardo de Pedro continuar\u00e1 al frente del Ministerio del Interior<\/strong>. Por otra parte, <strong>Santiago Cafiero dejar\u00e1 la jefatura de Gabinete y ocupar\u00e1 el ministerio de Relaciones Exteriores y Culto<\/strong>.<\/p>\n<p>&nbsp;<\/p>\n<p><strong>La presentaci\u00f3n oficial se realizar\u00e1 el lunes a las 16<\/strong>, en el Sal\u00f3n Blanco de la Casa Rosada. En tanto, <strong>durante el fin de semana podr\u00edan barajarse nuevas incorporaciones.<\/strong><\/p>\n<p>&nbsp;<\/p>\n<figure id=\"attachment_33250\" aria-describedby=\"caption-attachment-33250\" style=\"width: 600px\" class=\"wp-caption aligncenter\"><img data-recalc-dims=\"1\" loading=\"lazy\" decoding=\"async\" class=\"wp-image-33250\" src=\"https:\/\/i0.wp.com\/cdnoticias.com\/wp-content\/uploads\/2021\/09\/DIB-Juan-Manzur-1024x576-1024x576.jpg?resize=600%2C338&#038;ssl=1\" alt=\"\" width=\"600\" height=\"338\" srcset=\"https:\/\/i0.wp.com\/cdnoticias.com\/wp-content\/uploads\/2021\/09\/DIB-Juan-Manzur-1024x576.jpg?resize=1024%2C576&amp;ssl=1 1024w, https:\/\/i0.wp.com\/cdnoticias.com\/wp-content\/uploads\/2021\/09\/DIB-Juan-Manzur-1024x576.jpg?resize=300%2C169&amp;ssl=1 300w, https:\/\/i0.wp.com\/cdnoticias.com\/wp-content\/uploads\/2021\/09\/DIB-Juan-Manzur-1024x576.jpg?resize=768%2C432&amp;ssl=1 768w\" sizes=\"auto, (max-width: 600px) 100vw, 600px\" \/><figcaption id=\"caption-attachment-33250\" class=\"wp-caption-text\">Juan Manzur se incorpora al Gabinete presidencial; hab\u00eda sido pedido por Cristina Fern\u00e1ndez.<\/figcaption><\/figure>\n<p>&nbsp;<\/p>\n<p>El listado de los nombres que se suman al Gabinete, confirmado cerca de las 22.30 del viernes, es el siguiente:<\/p>\n<p>&nbsp;<\/p>\n<p><strong>\u2013Juan Manzur<\/strong>: Jefe de Gabinete de Ministros (reemplaza a Santiago Cafiero).<\/p>\n<p>&nbsp;<\/p>\n<p><strong>\u2013Santiago Cafiero<\/strong>: Ministro de Relaciones Exteriores y Culto (reemplaza a Felipe Sol\u00e1).<\/p>\n<p>&nbsp;<\/p>\n<p><strong>\u2013An\u00edbal Fern\u00e1ndez<\/strong>: Ministerio de Seguridad (reemplaza a Sabina Fr\u00e9deric).<\/p>\n<p>&nbsp;<\/p>\n<p><strong>\u2013Juli\u00e1n Dom\u00ednguez<\/strong>: Ministerio de Ganader\u00eda, Agricultura y Pesca (reemplaza a Luis Basterra).<\/p>\n<p>&nbsp;<\/p>\n<p><strong>\u2013Jaime Perzyck<\/strong>: Ministerio de Educaci\u00f3n (reemplaza a Nicol\u00e1s Trotta).<\/p>\n<p>&nbsp;<\/p>\n<p><strong>\u2013Daniel Filmus<\/strong>: Ministerio de Ciencia, Tecnolog\u00eda e Innovaci\u00f3n (reemplaza a Roberto Salvarezza).<\/p>\n<p>&nbsp;<\/p>\n<p><strong>\u2013Juan Ross<\/strong>: Secretario de Comunicaci\u00f3n y Prensa (en lugar de Juan Pablo Biondi, quien renunci\u00f3 durante la tarde).<\/p>\n<p>&nbsp;<\/p>\n<figure id=\"attachment_33249\" aria-describedby=\"caption-attachment-33249\" style=\"width: 600px\" class=\"wp-caption aligncenter\"><img data-recalc-dims=\"1\" loading=\"lazy\" decoding=\"async\" class=\"wp-image-33249\" src=\"https:\/\/i0.wp.com\/cdnoticias.com\/wp-content\/uploads\/2021\/09\/DIB-Jaime-Perczyk-1024x683-1024x683.jpg?resize=600%2C400&#038;ssl=1\" alt=\"\" width=\"600\" height=\"400\" srcset=\"https:\/\/i0.wp.com\/cdnoticias.com\/wp-content\/uploads\/2021\/09\/DIB-Jaime-Perczyk-1024x683.jpg?resize=1024%2C683&amp;ssl=1 1024w, https:\/\/i0.wp.com\/cdnoticias.com\/wp-content\/uploads\/2021\/09\/DIB-Jaime-Perczyk-1024x683.jpg?resize=300%2C200&amp;ssl=1 300w, https:\/\/i0.wp.com\/cdnoticias.com\/wp-content\/uploads\/2021\/09\/DIB-Jaime-Perczyk-1024x683.jpg?resize=768%2C512&amp;ssl=1 768w, https:\/\/i0.wp.com\/cdnoticias.com\/wp-content\/uploads\/2021\/09\/DIB-Jaime-Perczyk-1024x683.jpg?resize=272%2C182&amp;ssl=1 272w\" sizes=\"auto, (max-width: 600px) 100vw, 600px\" \/><figcaption id=\"caption-attachment-33249\" class=\"wp-caption-text\">Jaime Perzyck, nuevo ministro de Educaci\u00f3n.<\/figcaption><\/figure>\n<p>&nbsp;<\/p>\n<p>Alberto Fern\u00e1ndez agradeci\u00f3 el trabajo realizado a los funcionarios salientes y <strong>recibi\u00f3 el compromiso de los nuevos colegas designados,<\/strong> seg\u00fan inform\u00f3 Presidencia.<\/p>\n<p>&nbsp;<\/p>\n<p><strong>Los nombres del equipo econ\u00f3mico no se modificaron hasta el momento<\/strong>, siendo los m\u00e1s se\u00f1alados durante las primeras horas de la crisis desatada el mi\u00e9rcoles al mediod\u00eda. De este modo, Mart\u00edn Guzm\u00e1n seguir\u00e1 al frente del Ministerio de Econom\u00eda; Mat\u00edas Kulfas estar\u00e1 al frente de la cartera de Desarrollo Productivo; Claudio Moroni continuar\u00e1 al frente del Ministerio de Trabajo; y Juan Zabaleta permanecer\u00e1 al frente del Ministerio de Desarrollo Social.<\/p>\n<p>&nbsp;<\/p>\n<figure id=\"attachment_11655\" aria-describedby=\"caption-attachment-11655\" style=\"width: 600px\" class=\"wp-caption aligncenter\"><img data-recalc-dims=\"1\" loading=\"lazy\" decoding=\"async\" class=\"wp-image-11655\" src=\"https:\/\/i0.wp.com\/cdnoticias.com\/wp-content\/uploads\/2021\/01\/Santiago-Cafiero-1.jpg?resize=600%2C400&#038;ssl=1\" alt=\"\" width=\"600\" height=\"400\" srcset=\"https:\/\/i0.wp.com\/cdnoticias.com\/wp-content\/uploads\/2021\/01\/Santiago-Cafiero-1.jpg?resize=1024%2C683&amp;ssl=1 1024w, https:\/\/i0.wp.com\/cdnoticias.com\/wp-content\/uploads\/2021\/01\/Santiago-Cafiero-1.jpg?resize=300%2C200&amp;ssl=1 300w, https:\/\/i0.wp.com\/cdnoticias.com\/wp-content\/uploads\/2021\/01\/Santiago-Cafiero-1.jpg?resize=768%2C512&amp;ssl=1 768w, https:\/\/i0.wp.com\/cdnoticias.com\/wp-content\/uploads\/2021\/01\/Santiago-Cafiero-1.jpg?resize=272%2C182&amp;ssl=1 272w, https:\/\/i0.wp.com\/cdnoticias.com\/wp-content\/uploads\/2021\/01\/Santiago-Cafiero-1.jpg?w=2048&amp;ssl=1 2048w, https:\/\/i0.wp.com\/cdnoticias.com\/wp-content\/uploads\/2021\/01\/Santiago-Cafiero-1.jpg?w=1600&amp;ssl=1 1600w\" sizes=\"auto, (max-width: 600px) 100vw, 600px\" \/><figcaption id=\"caption-attachment-11655\" class=\"wp-caption-text\">Santiago Cafiero, con nuevo rol en el Gabinete presidencial.<\/figcaption><\/figure>\n<p>&nbsp;<\/p>\n<p><strong>La salida del vocero<\/strong><\/p>\n<p>&nbsp;<\/p>\n<p><strong>El Secretario de Comunicaci\u00f3n de la Presidencia, Juan Pablo Biondi, present\u00f3 su renuncia indeclinable<\/strong> a su cargo en la tarde del viernes.<\/p>\n<p>&nbsp;<\/p>\n<p>\u201cMotiva esta decisi\u00f3n la crisis desatada en las \u00faltimas horas y<strong> espero que mi alejamiento del cargo contribuya a pacificar<\/strong>, en parte, estos momentos dif\u00edciles que nos toca vivir\u201d, expresa la misiva dirigida al presidente Alberto Fern\u00e1ndez, y agrega: \u201cS\u00f3lo usted sabe de mi compromiso, entrega y fidelidad\u201d.<\/p>\n<p>&nbsp;<\/p>\n<p><img data-recalc-dims=\"1\" loading=\"lazy\" decoding=\"async\" class=\"aligncenter wp-image-33251\" src=\"https:\/\/i0.wp.com\/cdnoticias.com\/wp-content\/uploads\/2021\/09\/DIB-Alberto-y-Biondi-1024x699-1024x699.jpg?resize=600%2C410&#038;ssl=1\" alt=\"\" width=\"600\" height=\"410\" srcset=\"https:\/\/i0.wp.com\/cdnoticias.com\/wp-content\/uploads\/2021\/09\/DIB-Alberto-y-Biondi-1024x699.jpg?resize=1024%2C699&amp;ssl=1 1024w, https:\/\/i0.wp.com\/cdnoticias.com\/wp-content\/uploads\/2021\/09\/DIB-Alberto-y-Biondi-1024x699.jpg?resize=300%2C205&amp;ssl=1 300w, https:\/\/i0.wp.com\/cdnoticias.com\/wp-content\/uploads\/2021\/09\/DIB-Alberto-y-Biondi-1024x699.jpg?resize=768%2C524&amp;ssl=1 768w, https:\/\/i0.wp.com\/cdnoticias.com\/wp-content\/uploads\/2021\/09\/DIB-Alberto-y-Biondi-1024x699.jpg?resize=130%2C90&amp;ssl=1 130w\" sizes=\"auto, (max-width: 600px) 100vw, 600px\" \/><\/p>\n<p>&nbsp;<\/p>\n<p>Sin medias tintas, y refiri\u00e9ndose a la carta publicada por la vicepresidenta Cristina Fern\u00e1ndez en la tarde el jueves, Biondi a\u00f1ade que lo <strong>\u201cofenden\u201d las \u201cmalas interpretaciones\u201d<\/strong> realizadas sobre su persona por la funcionaria, al considerarla \u201cuna l\u00edder indiscutible\u201d del Frente de Todos.<\/p>\n<p>&nbsp;<\/p>\n<p>Para cerrar, expresa \u201cel honor\u201d de haber ocupado el cargo durante la gesti\u00f3n de la pandemia y <strong>saluda al Presidente utilizando la palabra \u201csinceramente\u201d<\/strong>, gesto que puede conllevar cierta iron\u00eda, al tratarse del t\u00edtulo del libro de Cristina Fern\u00e1ndez y tambi\u00e9n de la carta mencionada, en la que la vicepresidenta sostuvo que Biondi \u201ces un vocero al que no se le conoce la voz\u201d.<\/p>\n<p>&nbsp;<\/p>\n<p>Fuente: <em>Agencia DIB<\/em><\/p>\n","protected":false},"excerpt":{"rendered":"<p>Un dato sobresaliente es que Eduardo de Pedro continuar\u00e1 al frente del Ministerio del Interior. Santiago Cafiero, Juli\u00e1n Dom\u00ednguez, Jaime<\/p>\n","protected":false},"author":4,"featured_media":33252,"comment_status":"closed","ping_status":"closed","sticky":false,"template":"","format":"standard","meta":{"_jetpack_memberships_contains_paid_content":false,"footnotes":""},"categories":[6,1],"tags":[],"class_list":["post-33248","post","type-post","status-publish","format-standard","has-post-thumbnail","hentry","category-nacionales","category-portada"],"jetpack_featured_media_url":"https:\/\/i0.wp.com\/cdnoticias.com\/wp-content\/uploads\/2021\/09\/DIB-alberto-f-1024x683.jpeg?fit=1024%2C683&ssl=1","jetpack_sharing_enabled":true,"_links":{"self":[{"href":"https:\/\/cdnoticias.com\/index.php\/wp-json\/wp\/v2\/posts\/33248","targetHints":{"allow":["GET"]}}],"collection":[{"href":"https:\/\/cdnoticias.com\/index.php\/wp-json\/wp\/v2\/posts"}],"about":[{"href":"https:\/\/cdnoticias.com\/index.php\/wp-json\/wp\/v2\/types\/post"}],"author":[{"embeddable":true,"href":"https:\/\/cdnoticias.com\/index.php\/wp-json\/wp\/v2\/users\/4"}],"replies":[{"embeddable":true,"href":"https:\/\/cdnoticias.com\/index.php\/wp-json\/wp\/v2\/comments?post=33248"}],"version-history":[{"count":0,"href":"https:\/\/cdnoticias.com\/index.php\/wp-json\/wp\/v2\/posts\/33248\/revisions"}],"wp:featuredmedia":[{"embeddable":true,"href":"https:\/\/cdnoticias.com\/index.php\/wp-json\/wp\/v2\/media\/33252"}],"wp:attachment":[{"href":"https:\/\/cdnoticias.com\/index.php\/wp-json\/wp\/v2\/media?parent=33248"}],"wp:term":[{"taxonomy":"category","embeddable":true,"href":"https:\/\/cdnoticias.com\/index.php\/wp-json\/wp\/v2\/categories?post=33248"},{"taxonomy":"post_tag","embeddable":true,"href":"https:\/\/cdnoticias.com\/index.php\/wp-json\/wp\/v2\/tags?post=33248"}],"curies":[{"name":"wp","href":"https:\/\/api.w.org\/{rel}","templated":true}]}}