{"id":33242,"date":"2023-04-03T21:06:13","date_gmt":"2023-04-04T00:06:13","guid":{"rendered":"http:\/\/centraldeportes.com.ar\/?p=33242"},"modified":"2025-02-11T14:52:39","modified_gmt":"2025-02-11T17:52:39","slug":"la-reserva-de-afa-celebro-otra-fecha-con-presencias-locales","status":"publish","type":"post","link":"https:\/\/cdnoticias.com\/index.php\/2023\/04\/03\/la-reserva-de-afa-celebro-otra-fecha-con-presencias-locales\/","title":{"rendered":"La Reserva de AFA celebr\u00f3 otra fecha con presencias locales"},"content":{"rendered":"<p>Entre mi\u00e9rcoles y viernes pasado, la categor\u00eda preliminar disput\u00f3 la 9\u00b0 fecha del Torneo Proyecci\u00f3n y hubo minutos para Salle, Diuono y Mend\u00eda.<!--more--><\/p>\n<hr \/>\n<p>Por motivos de la fecha FIFA programada d\u00edas atr\u00e1s, el campeonato de<strong> Reserva de AFA<\/strong> retom\u00f3 el certamen el pasado mi\u00e9rcoles con el desarrollo de la<strong> 9\u00b0 cita del Torneo Proyecci\u00f3n<\/strong>. De la misma<strong> participaron tres futbolistas olavarrienses<\/strong> que fueron convocados y tuvieron rodaje en sus respectivos clubes.<\/p>\n<p>&nbsp;<\/p>\n<p>El primero de todos en salir a la cancha fue <strong>Mateo Mend\u00eda<\/strong>, aunque el defensor surgido de Loma Negra<strong> solo cumpli\u00f3 pocos minutos porque ingres\u00f3 a los 47\u2019 de la etapa complementaria<\/strong>. Fue en el empate 0 a 0 entre Boca y Barracas Central disputado en el Predio \u201cXeneize\u201d.<\/p>\n<p>&nbsp;<\/p>\n<p>Por su parte el viernes, en Ciudad Deportiva de Jun\u00edn, Sarmiento super\u00f3 2 a 0 a Belgrano de C\u00f3rdoba y consigui\u00f3 su primera victoria en el campeonato tras ocho fechas sin poder hacerlo. <strong>El defensor olavarriense, capit\u00e1n del \u201cVerde\u201d, comenz\u00f3 desde el arranque y jug\u00f3 los 90 minutos<\/strong>.<\/p>\n<p>&nbsp;<\/p>\n<p>En paralelo, pero en el cierre de la fecha, Independiente qued\u00f3 a mano con San Lorenzo y termin\u00f3 empatando 1 a 1 como local. <strong>Santiago Salle volvi\u00f3 a ser titular en el \u201cRojo\u201d de Avellaneda y complet\u00f3 todo el encuentro<\/strong>.<\/p>\n<p>&nbsp;<\/p>\n<p><em><strong>Foto: Club Atl\u00e9tico Independiente.<\/strong><\/em><\/p>\n","protected":false},"excerpt":{"rendered":"<p>Entre mi\u00e9rcoles y viernes pasado, la categor\u00eda preliminar disput\u00f3 la 9\u00b0 fecha del Torneo Proyecci\u00f3n y hubo minutos para Salle,<\/p>\n","protected":false},"author":96739694,"featured_media":154403,"comment_status":"closed","ping_status":"closed","sticky":false,"template":"","format":"standard","meta":{"_jetpack_memberships_contains_paid_content":false,"footnotes":""},"categories":[35,37,1],"tags":[],"class_list":["post-33242","post","type-post","status-publish","format-standard","has-post-thumbnail","hentry","category-futbol","category-futbol-profesional","category-portada"],"jetpack_featured_media_url":"https:\/\/i0.wp.com\/cdnoticias.com\/wp-content\/uploads\/2023\/04\/Santiago-Salle-Independiente-Reserva-e1680566723116-scaled.jpg?fit=2560%2C1636&ssl=1","jetpack_sharing_enabled":true,"_links":{"self":[{"href":"https:\/\/cdnoticias.com\/index.php\/wp-json\/wp\/v2\/posts\/33242","targetHints":{"allow":["GET"]}}],"collection":[{"href":"https:\/\/cdnoticias.com\/index.php\/wp-json\/wp\/v2\/posts"}],"about":[{"href":"https:\/\/cdnoticias.com\/index.php\/wp-json\/wp\/v2\/types\/post"}],"author":[{"embeddable":true,"href":"https:\/\/cdnoticias.com\/index.php\/wp-json\/wp\/v2\/users\/96739694"}],"replies":[{"embeddable":true,"href":"https:\/\/cdnoticias.com\/index.php\/wp-json\/wp\/v2\/comments?post=33242"}],"version-history":[{"count":0,"href":"https:\/\/cdnoticias.com\/index.php\/wp-json\/wp\/v2\/posts\/33242\/revisions"}],"wp:featuredmedia":[{"embeddable":true,"href":"https:\/\/cdnoticias.com\/index.php\/wp-json\/wp\/v2\/media\/154403"}],"wp:attachment":[{"href":"https:\/\/cdnoticias.com\/index.php\/wp-json\/wp\/v2\/media?parent=33242"}],"wp:term":[{"taxonomy":"category","embeddable":true,"href":"https:\/\/cdnoticias.com\/index.php\/wp-json\/wp\/v2\/categories?post=33242"},{"taxonomy":"post_tag","embeddable":true,"href":"https:\/\/cdnoticias.com\/index.php\/wp-json\/wp\/v2\/tags?post=33242"}],"curies":[{"name":"wp","href":"https:\/\/api.w.org\/{rel}","templated":true}]}}