{"id":33224,"date":"2021-09-17T20:45:24","date_gmt":"2021-09-17T23:45:24","guid":{"rendered":"http:\/\/www.centraldenoticias.com.ar\/?p=33224"},"modified":"2021-09-17T20:45:24","modified_gmt":"2021-09-17T23:45:24","slug":"campana-de-vacunacion-este-viernes-se-aplicaron-mas-de-600-dosis","status":"publish","type":"post","link":"https:\/\/cdnoticias.com\/index.php\/2021\/09\/17\/campana-de-vacunacion-este-viernes-se-aplicaron-mas-de-600-dosis\/","title":{"rendered":"Campa\u00f1a de vacunaci\u00f3n: este viernes se aplicaron m\u00e1s de 600 dosis"},"content":{"rendered":"<p>As\u00ed lo inform\u00f3 Regi\u00f3n Sanitaria IX. Adem\u00e1s 14 hisopados resultaron positivos en el Centro Provincial de Testeos.<!--more--><\/p>\n<hr \/>\n<p>En la jornada de<strong> este viernes se aplicaron 664 vacunas contra el Covid-19<\/strong>, distribuidas de la siguiente manera: en el <strong>Centro Cultural Universitario<\/strong> se vacunaron 294 personas con segundas dosis, en <strong>Facultad de Ciencias de la Salud<\/strong> se vacunaron 203 vecinos y vecinas, de las cuales 44 corresponden a primeras dosis y 159 a segundo componente, y en el <strong>Servicio Territorial N\u00b02<\/strong> se vacunaron 167 personas, 22 con primeras dosis y 145 completaron esquemas con segundo componente.<\/p>\n<p>&nbsp;<\/p>\n<p>En cuanto a las actividades preventivas y de hisopados que se realizan en el Centro Provincial de Testeos que funciona en las instalaciones del Club El Fort\u00edn (Urquiza 2980), de lunes a viernes de 8 a 12 hs,<strong>\u00a0se realizaron 65 hisopados de los cuales 14 resultaron positivos.<\/strong><\/p>\n<p>&nbsp;<\/p>\n<p>Adem\u00e1s, sigue desarroll\u00e1ndose la<strong> vacunaci\u00f3n libre para mayores de 18 a\u00f1os<\/strong> que acrediten domicilio en la localidad present\u00e1ndose con su DNI en cualquiera de las postas de vacunaci\u00f3n.<\/p>\n<p>&nbsp;<\/p>\n<p>En cuanto a las <strong>aplicaciones de segundas dosis<\/strong>, se recuerda que para recibir la aplicaci\u00f3n es \u00fanicamente por turnos, por lo que se le pide a los vecinos y vecinas que est\u00e9n atentos a las notificaciones que se env\u00edan desde el Ministerio de Salud provincial.<\/p>\n<p>&nbsp;<\/p>\n<p>A la par, contin\u00faa la <strong>inscripci\u00f3n a menores de 12 a 17 a\u00f1os<\/strong> a trav\u00e9s del <a href=\"https:\/\/vacunatepba.gba.gob.ar\/\" target=\"_blank\" rel=\"noopener\">sitio web Vacunate<\/a> para obtener el turno correspondiente y recibir la primera dosis, priorizando a quienes pertenecen a grupos de riesgo.<\/p>\n","protected":false},"excerpt":{"rendered":"<p>As\u00ed lo inform\u00f3 Regi\u00f3n Sanitaria IX. Adem\u00e1s 14 hisopados resultaron positivos en el Centro Provincial de Testeos.<\/p>\n","protected":false},"author":5,"featured_media":30835,"comment_status":"closed","ping_status":"closed","sticky":false,"template":"","format":"standard","meta":{"_jetpack_memberships_contains_paid_content":false,"footnotes":""},"categories":[16,1],"tags":[],"class_list":["post-33224","post","type-post","status-publish","format-standard","has-post-thumbnail","hentry","category-covid-19","category-portada"],"jetpack_featured_media_url":"https:\/\/i0.wp.com\/cdnoticias.com\/wp-content\/uploads\/2021\/08\/vacunacion-STM2-01.jpg?fit=1000%2C556&ssl=1","jetpack_sharing_enabled":true,"_links":{"self":[{"href":"https:\/\/cdnoticias.com\/index.php\/wp-json\/wp\/v2\/posts\/33224","targetHints":{"allow":["GET"]}}],"collection":[{"href":"https:\/\/cdnoticias.com\/index.php\/wp-json\/wp\/v2\/posts"}],"about":[{"href":"https:\/\/cdnoticias.com\/index.php\/wp-json\/wp\/v2\/types\/post"}],"author":[{"embeddable":true,"href":"https:\/\/cdnoticias.com\/index.php\/wp-json\/wp\/v2\/users\/5"}],"replies":[{"embeddable":true,"href":"https:\/\/cdnoticias.com\/index.php\/wp-json\/wp\/v2\/comments?post=33224"}],"version-history":[{"count":0,"href":"https:\/\/cdnoticias.com\/index.php\/wp-json\/wp\/v2\/posts\/33224\/revisions"}],"wp:featuredmedia":[{"embeddable":true,"href":"https:\/\/cdnoticias.com\/index.php\/wp-json\/wp\/v2\/media\/30835"}],"wp:attachment":[{"href":"https:\/\/cdnoticias.com\/index.php\/wp-json\/wp\/v2\/media?parent=33224"}],"wp:term":[{"taxonomy":"category","embeddable":true,"href":"https:\/\/cdnoticias.com\/index.php\/wp-json\/wp\/v2\/categories?post=33224"},{"taxonomy":"post_tag","embeddable":true,"href":"https:\/\/cdnoticias.com\/index.php\/wp-json\/wp\/v2\/tags?post=33224"}],"curies":[{"name":"wp","href":"https:\/\/api.w.org\/{rel}","templated":true}]}}