{"id":3321,"date":"2020-10-06T19:08:58","date_gmt":"2020-10-06T22:08:58","guid":{"rendered":"http:\/\/www.centraldenoticias.com.ar\/?p=3321"},"modified":"2020-10-06T19:08:58","modified_gmt":"2020-10-06T22:08:58","slug":"franco-ezequiel-occhi-q-e-p-d","status":"publish","type":"post","link":"https:\/\/cdnoticias.com\/index.php\/2020\/10\/06\/franco-ezequiel-occhi-q-e-p-d\/","title":{"rendered":"Franco Ezequiel Occhi  (Q.E.P.D)"},"content":{"rendered":"<p>Falleci\u00f3 en Olavarr\u00eda el d\u00eda 5 de Octubre de 2020\u00a0 a los 23 a\u00f1os de edad. Sus padres Daniela Dellorto y Martin Antonio Occhi, su hermana Ariadna Occhi, sus abuelas Hilda e In\u00e9s y su abuelo del coraz\u00f3n Juan Carlos, sus t\u00edos, sus primos y dem\u00e1s deudos participan su fallecimiento.<\/p>\n<p>&nbsp;<\/p>\n<p>No se realiza velatorio ni responso, sus restos ser\u00e1n inhumados este mi\u00e9rcoles en el cementerio municipal desde las 10. Vecino de Loma Negra, estudiante de Ingenier\u00eda agr\u00f3noma.<\/p>\n<p>&nbsp;<\/p>\n<p>&nbsp;<\/p>\n","protected":false},"excerpt":{"rendered":"<p>Falleci\u00f3 en Olavarr\u00eda el d\u00eda 5 de Octubre de 2020\u00a0 a los 23 a\u00f1os de edad. Sus padres Daniela Dellorto<\/p>\n","protected":false},"author":3,"featured_media":0,"comment_status":"closed","ping_status":"closed","sticky":false,"template":"","format":"standard","meta":{"_jetpack_memberships_contains_paid_content":false,"footnotes":""},"categories":[10],"tags":[],"class_list":["post-3321","post","type-post","status-publish","format-standard","hentry","category-necrologicas"],"jetpack_featured_media_url":"","jetpack_sharing_enabled":true,"_links":{"self":[{"href":"https:\/\/cdnoticias.com\/index.php\/wp-json\/wp\/v2\/posts\/3321","targetHints":{"allow":["GET"]}}],"collection":[{"href":"https:\/\/cdnoticias.com\/index.php\/wp-json\/wp\/v2\/posts"}],"about":[{"href":"https:\/\/cdnoticias.com\/index.php\/wp-json\/wp\/v2\/types\/post"}],"author":[{"embeddable":true,"href":"https:\/\/cdnoticias.com\/index.php\/wp-json\/wp\/v2\/users\/3"}],"replies":[{"embeddable":true,"href":"https:\/\/cdnoticias.com\/index.php\/wp-json\/wp\/v2\/comments?post=3321"}],"version-history":[{"count":0,"href":"https:\/\/cdnoticias.com\/index.php\/wp-json\/wp\/v2\/posts\/3321\/revisions"}],"wp:attachment":[{"href":"https:\/\/cdnoticias.com\/index.php\/wp-json\/wp\/v2\/media?parent=3321"}],"wp:term":[{"taxonomy":"category","embeddable":true,"href":"https:\/\/cdnoticias.com\/index.php\/wp-json\/wp\/v2\/categories?post=3321"},{"taxonomy":"post_tag","embeddable":true,"href":"https:\/\/cdnoticias.com\/index.php\/wp-json\/wp\/v2\/tags?post=3321"}],"curies":[{"name":"wp","href":"https:\/\/api.w.org\/{rel}","templated":true}]}}