{"id":33204,"date":"2021-09-18T10:13:12","date_gmt":"2021-09-18T13:13:12","guid":{"rendered":"http:\/\/www.centraldenoticias.com.ar\/?p=33204"},"modified":"2021-09-18T10:13:12","modified_gmt":"2021-09-18T13:13:12","slug":"el-intendente-encabezo-una-nueva-reunion-de-seguimiento-de-giro","status":"publish","type":"post","link":"https:\/\/cdnoticias.com\/index.php\/2021\/09\/18\/el-intendente-encabezo-una-nueva-reunion-de-seguimiento-de-giro\/","title":{"rendered":"El Intendente encabez\u00f3 una nueva reuni\u00f3n de seguimiento de GIRO"},"content":{"rendered":"<p>A seis meses del inicio de la primera prueba piloto, realizaron un balance del programa y dialogaron sobre las proyecciones a futuro.<!--more--><\/p>\n<hr \/>\n<p>En la ma\u00f1ana de este viernes, el intendente Ezequiel Galli encabez\u00f3 un encuentro de seguimiento del <strong>Programa GIRO (Gesti\u00f3n Integral de Residuos Olavarr\u00eda),<\/strong> que tuvo lugar en el Sal\u00f3n Blanco del Palacio San Mart\u00edn.<\/p>\n<p>&nbsp;<\/p>\n<p>Tambi\u00e9n formaron parte funcionarios municipales, equipo GIRO e integrantes de Fundaci\u00f3n McKinsey.org, bajo modalidad presencial y virtual.<\/p>\n<p>&nbsp;<\/p>\n<p>En el encuentro <strong>se celebraron los seis meses desde el inicio de la primera prueba piloto<\/strong>, que comenz\u00f3 en el Los Robles, y que ya se ha expandido por otros barrios de la ciudad, con la participaci\u00f3n de m\u00e1s de 1800 hogares.<\/p>\n<p>&nbsp;<\/p>\n<p><img data-recalc-dims=\"1\" loading=\"lazy\" decoding=\"async\" class=\"alignnone size-full wp-image-15228\" src=\"https:\/\/i0.wp.com\/cdnoticias.com\/wp-content\/uploads\/2021\/03\/giro00.jpg?resize=800%2C445&#038;ssl=1\" alt=\"\" width=\"800\" height=\"445\" srcset=\"https:\/\/i0.wp.com\/cdnoticias.com\/wp-content\/uploads\/2021\/03\/giro00.jpg?w=800&amp;ssl=1 800w, https:\/\/i0.wp.com\/cdnoticias.com\/wp-content\/uploads\/2021\/03\/giro00.jpg?resize=300%2C167&amp;ssl=1 300w, https:\/\/i0.wp.com\/cdnoticias.com\/wp-content\/uploads\/2021\/03\/giro00.jpg?resize=768%2C427&amp;ssl=1 768w\" sizes=\"auto, (max-width: 800px) 100vw, 800px\" \/><\/p>\n<p>&nbsp;<\/p>\n<p>El equipo convers\u00f3 con el Intendente acerca del balance inicial, como tambi\u00e9n las <strong>proyecciones a corto, mediano y largo plazo<\/strong> del Programa GIRO.<\/p>\n<p>&nbsp;<\/p>\n<p>La implementaci\u00f3n de GIRO involucra a toda la comunidad, desde vecinos\/as hasta las autoridades municipales, desde trabajadores\/as informales hasta la empresa de recolecci\u00f3n. Este programa permite potenciar lo bueno y generar oportunidades nuevas para olavarrienses.<\/p>\n<p>&nbsp;<\/p>\n<p>Para m\u00e1s informaci\u00f3n se puede consultar la p\u00e1gina web de GIRO:<a href=\"https:\/\/giro.olavarria.gov.ar\/\" target=\"_blank\" rel=\"noopener\"> giro.olavarria.gov.ar<\/a> o a trav\u00e9s de las redes sociales <a href=\"https:\/\/www.facebook.com\/giro.olavarria\" target=\"_blank\" rel=\"noopener\">Facebook<\/a> e <a href=\"https:\/\/www.instagram.com\/giro.olavarria\/\" target=\"_blank\" rel=\"noopener\">Instagram<\/a>.<\/p>\n","protected":false},"excerpt":{"rendered":"<p>A seis meses del inicio de la primera prueba piloto, realizaron un balance del programa y dialogaron sobre las proyecciones<\/p>\n","protected":false},"author":5,"featured_media":33205,"comment_status":"closed","ping_status":"closed","sticky":false,"template":"","format":"standard","meta":{"_jetpack_memberships_contains_paid_content":false,"footnotes":""},"categories":[5,1],"tags":[],"class_list":["post-33204","post","type-post","status-publish","format-standard","has-post-thumbnail","hentry","category-informacion-general","category-portada"],"jetpack_featured_media_url":"https:\/\/i0.wp.com\/cdnoticias.com\/wp-content\/uploads\/2021\/09\/DE-Presentacion-Giro-1-scaled.jpg?fit=2560%2C1711&ssl=1","jetpack_sharing_enabled":true,"_links":{"self":[{"href":"https:\/\/cdnoticias.com\/index.php\/wp-json\/wp\/v2\/posts\/33204","targetHints":{"allow":["GET"]}}],"collection":[{"href":"https:\/\/cdnoticias.com\/index.php\/wp-json\/wp\/v2\/posts"}],"about":[{"href":"https:\/\/cdnoticias.com\/index.php\/wp-json\/wp\/v2\/types\/post"}],"author":[{"embeddable":true,"href":"https:\/\/cdnoticias.com\/index.php\/wp-json\/wp\/v2\/users\/5"}],"replies":[{"embeddable":true,"href":"https:\/\/cdnoticias.com\/index.php\/wp-json\/wp\/v2\/comments?post=33204"}],"version-history":[{"count":0,"href":"https:\/\/cdnoticias.com\/index.php\/wp-json\/wp\/v2\/posts\/33204\/revisions"}],"wp:featuredmedia":[{"embeddable":true,"href":"https:\/\/cdnoticias.com\/index.php\/wp-json\/wp\/v2\/media\/33205"}],"wp:attachment":[{"href":"https:\/\/cdnoticias.com\/index.php\/wp-json\/wp\/v2\/media?parent=33204"}],"wp:term":[{"taxonomy":"category","embeddable":true,"href":"https:\/\/cdnoticias.com\/index.php\/wp-json\/wp\/v2\/categories?post=33204"},{"taxonomy":"post_tag","embeddable":true,"href":"https:\/\/cdnoticias.com\/index.php\/wp-json\/wp\/v2\/tags?post=33204"}],"curies":[{"name":"wp","href":"https:\/\/api.w.org\/{rel}","templated":true}]}}