{"id":33197,"date":"2021-09-17T20:08:20","date_gmt":"2021-09-17T23:08:20","guid":{"rendered":"http:\/\/www.centraldenoticias.com.ar\/?p=33197"},"modified":"2021-09-17T20:08:20","modified_gmt":"2021-09-17T23:08:20","slug":"el-municipio-licito-la-obra-de-ampliacion-de-la-escuela-secundaria-no-20","status":"publish","type":"post","link":"https:\/\/cdnoticias.com\/index.php\/2021\/09\/17\/el-municipio-licito-la-obra-de-ampliacion-de-la-escuela-secundaria-no-20\/","title":{"rendered":"El Municipio licit\u00f3 la obra de ampliaci\u00f3n de la Escuela Secundaria N\u00ba 20"},"content":{"rendered":"<p>La escuela se encuentra ubicada en\u00a0calle San Mart\u00edn 2053, en el barrio Pueblo Nuevo. Se presentaron dos ofertas de empresas locales.<!--more--><\/p>\n<hr \/>\n<p>&nbsp;<\/p>\n<p>La <strong>gesti\u00f3n municipal<\/strong> llevar\u00e1 adelante la <strong>obra de ampliaci\u00f3n y reforma<\/strong> de la <strong>Escuela Secundaria N\u00ba 20<\/strong> \u201cFray R. Musaragno\u201d, que se encuentra ubicada en calle <strong>San Mart\u00edn 2053<\/strong>, en el barrio<strong> Pueblo Nuevo.<\/strong><\/p>\n<p>&nbsp;<\/p>\n<p>La obra buscar\u00e1 <strong>solucionar los problemas edilicios<\/strong> y generar <strong>mejores condiciones de infraestructura<\/strong> para estudiantes, docentes, personal auxiliar y toda la <strong>comunidad educativa.<\/strong><\/p>\n<p>&nbsp;<\/p>\n<p>En la <strong>ma\u00f1ana de este viernes<\/strong>, con sede en el <strong>Palacio San Mart\u00edn<\/strong>, se llev\u00f3 a cabo la <strong>apertura de sobres<\/strong>, que fue <strong>encabezada<\/strong> por la directora de Licitaciones <strong>Pilar Ciardelli<\/strong> y cont\u00f3 con la participaci\u00f3n de los representantes de las <strong>empresas oferentes.<\/strong><\/p>\n<p>&nbsp;<\/p>\n<p>Se presentaron <strong>dos ofertas de empresas locales<\/strong>: en primer lugar <strong>Visan Ingenier\u00eda<\/strong> cotiz\u00f3 la suma de <strong>$44.928.764,19,<\/strong> mientras que <strong>Pecma<\/strong> calcul\u00f3 una suma de<strong> $44.160.000<\/strong> para la ejecuci\u00f3n de la obra, siendo el <strong>presupuesto oficial de $36.800.000.<\/strong><\/p>\n<p>&nbsp;<\/p>\n<p>La reforma surgi\u00f3 principalmente como necesidad <strong>independizar<\/strong> los servicios y los <strong>ambientes compartidos<\/strong> entre la <strong>Escuela Primaria N\u00ba 4<\/strong> y la <strong>Escuela Secundaria N\u00ba 20.<\/strong><\/p>\n<p>&nbsp;<\/p>\n<p>Consistir\u00e1 en la <strong>construcci\u00f3n de dos superficies<\/strong> (planta baja y planta alta), cada una de ellas con una extensi\u00f3n de 213 m2. En<strong> planta baja<\/strong>, se ubicar\u00e1 el hall de acceso, secretar\u00eda, direcci\u00f3n, sala de profesores, dos cocinas (una para cada escuela), biblioteca, preceptor\u00eda y dep\u00f3sito. En <strong>planta alta<\/strong> se disponen tres aulas.<\/p>\n<p>&nbsp;<\/p>\n<p>Cabe agregar que una de las aulas existentes ser\u00e1 destinada para el <strong>laboratorio<\/strong>, para lo cual se deber\u00e1n llevar adelante todas las tareas necesarias para su <strong>reacondicionamiento.<\/strong><\/p>\n<p>&nbsp;<\/p>\n<p>Los <strong>trabajos preliminares<\/strong> se iniciar\u00e1n con las tareas de demolici\u00f3n, exceptuando la fachada, que ser\u00e1 conservada tal cual como se encuentra en la actualidad. En el lugar, se montar\u00e1 un vallado provisorio de seguridad de madera, para que la<strong> Escuela Primaria N\u00ba 4<\/strong>, pueda <strong>continuar con sus actividades con normalidad<\/strong>, durante la <strong>ejecuci\u00f3n de la obra<\/strong>, por parte de la empresa.<\/p>\n<p>&nbsp;<\/p>\n<p>Luego de llevar a cabo la <strong>demolici\u00f3n de las superficies<\/strong>, se proceder\u00e1 al desmonte y excavaci\u00f3n del suelo para luego construir las bases, cimientos y la estructura de ampliaci\u00f3n concretamente, compuesta por columnas, vigas, losas encadenado perimetral superior y dinteles, colocaci\u00f3n del techo de chapa y canaletas.<\/p>\n<p>&nbsp;<\/p>\n<p>Entre los <strong>puntos m\u00e1s importantes<\/strong> del proyecto de obra, se realizar\u00e1 la <strong>instalaci\u00f3n el\u00e9ctrica<\/strong> completamente, con <strong>nuevos circuitos<\/strong> de tomacorrientes y de iluminaci\u00f3n. De este modo, se<strong> independiza el servicio el\u00e9ctrico entre ambas escuelas<\/strong>, de la misma manera, se desarrollar\u00e1n <strong>nuevas conexiones de gas y agua<\/strong>, con esta misma finalidad.<\/p>\n<p>&nbsp;<\/p>\n<p>En relaci\u00f3n al <strong>equipamiento<\/strong>, se proveer\u00e1 de una cocina industrial, 17 calefactores de distinta capacidad, aberturas de aluminio color blanco, mesadas de granito para cocina y ba\u00f1os, bachas, dos mesas de trabajo de acero inoxidable, bajo mesadas y alacenas, dos heladeras y dos termotanques el\u00e9ctricos.<\/p>\n<p>&nbsp;<\/p>\n<p>Como parte de la obra, se desarrollar\u00e1n los <strong>trabajos de construcci\u00f3n<\/strong> de cielorrasos, pintura interior y exterior, y colocaci\u00f3n de rejas y barandas de seguridad.<\/p>\n<p>&nbsp;<\/p>\n","protected":false},"excerpt":{"rendered":"<p>La escuela se encuentra ubicada en\u00a0calle San Mart\u00edn 2053, en el barrio Pueblo Nuevo. Se presentaron dos ofertas de empresas<\/p>\n","protected":false},"author":6,"featured_media":33202,"comment_status":"closed","ping_status":"closed","sticky":false,"template":"","format":"standard","meta":{"_jetpack_memberships_contains_paid_content":false,"footnotes":""},"categories":[5,1],"tags":[],"class_list":["post-33197","post","type-post","status-publish","format-standard","has-post-thumbnail","hentry","category-informacion-general","category-portada"],"jetpack_featured_media_url":"https:\/\/i0.wp.com\/cdnoticias.com\/wp-content\/uploads\/2021\/09\/Licitaciones-Ampliacion-y-Refaccion-Secundaria-N%C2%B020-1024x685.jpg?fit=1024%2C685&ssl=1","jetpack_sharing_enabled":true,"_links":{"self":[{"href":"https:\/\/cdnoticias.com\/index.php\/wp-json\/wp\/v2\/posts\/33197","targetHints":{"allow":["GET"]}}],"collection":[{"href":"https:\/\/cdnoticias.com\/index.php\/wp-json\/wp\/v2\/posts"}],"about":[{"href":"https:\/\/cdnoticias.com\/index.php\/wp-json\/wp\/v2\/types\/post"}],"author":[{"embeddable":true,"href":"https:\/\/cdnoticias.com\/index.php\/wp-json\/wp\/v2\/users\/6"}],"replies":[{"embeddable":true,"href":"https:\/\/cdnoticias.com\/index.php\/wp-json\/wp\/v2\/comments?post=33197"}],"version-history":[{"count":0,"href":"https:\/\/cdnoticias.com\/index.php\/wp-json\/wp\/v2\/posts\/33197\/revisions"}],"wp:featuredmedia":[{"embeddable":true,"href":"https:\/\/cdnoticias.com\/index.php\/wp-json\/wp\/v2\/media\/33202"}],"wp:attachment":[{"href":"https:\/\/cdnoticias.com\/index.php\/wp-json\/wp\/v2\/media?parent=33197"}],"wp:term":[{"taxonomy":"category","embeddable":true,"href":"https:\/\/cdnoticias.com\/index.php\/wp-json\/wp\/v2\/categories?post=33197"},{"taxonomy":"post_tag","embeddable":true,"href":"https:\/\/cdnoticias.com\/index.php\/wp-json\/wp\/v2\/tags?post=33197"}],"curies":[{"name":"wp","href":"https:\/\/api.w.org\/{rel}","templated":true}]}}